{"609172":{"titulo":"D'Alessandro fica no banco do Inter contra Flamengo ap\u00f3s les\u00e3o","link":"https:\/\/www.futebolinterior.com.br\/dalessandro-fica-no-banco-do-inter-contra-flamengo-apos-lesao\/","chapeu":"DE VOLTA","data":"17\/10\/2015","imagem":"https:\/\/images.futebolinterior.com.br\/2021\/04\/0002050121644_img-300x200.jpg","resumo":"Na reta final do Brasileir\u00e3o, com oito jogos at\u00e9 o t\u00e9rmino da competi\u00e7\u00e3o, o Inter conta com o retorno do capit\u00e3o D'Alessandro para integrar o elenco que vai at\u00e9 o Rio "},"609181":{"titulo":"Torcida do S\u00e3o Paulo vai a CT para apoiar elenco em meio a crise pol\u00edtica","link":"https:\/\/www.futebolinterior.com.br\/torcida-do-sao-paulo-vai-a-ct-para-apoiar-elenco-em-meio-a-crise-politica\/","chapeu":"INCONDICIONAL","data":"17\/10\/2015","imagem":"https:\/\/images.futebolinterior.com.br\/2021\/04\/0002050121633_img-300x186.jpg","resumo":"Quem tamb\u00e9m foi reverenciado pelos presentes foi o novo t\u00e9cnico Doriva"},"609179":{"titulo":"BRASILEIR\u00c3O: Verd\u00e3o quer se recuperar e Joinville busca embalo","link":"https:\/\/www.futebolinterior.com.br\/brasileirao-verdao-quer-se-recuperar-e-joinville-busca-embalo\/","chapeu":"BONS JOGOS!","data":"17\/10\/2015","imagem":"https:\/\/images.futebolinterior.com.br\/2021\/04\/0002050121628_img-300x200.jpg","resumo":"Apenas dois confrontos abrem a 31\u00aa rodada do Campeonato Brasileiro neste s\u00e1bado"},"609195":{"titulo":"Gr\u00eamio oferece Werley para ter Galhardo do Santos","link":"https:\/\/www.futebolinterior.com.br\/gremio-oferece-werley-para-ter-galhardo-do-santos\/","chapeu":"BOA TROCA?","data":"17\/10\/2015","imagem":"https:\/\/images.futebolinterior.com.br\/2021\/04\/0002050121622_img-300x200.jpg","resumo":"O lateral caiu nas gra\u00e7as do Tricolor, que quer realizar o neg\u00f3cio em definitivo"},"609191":{"titulo":"Pratto quer cidadania brasileira, mas s\u00f3 poderia defender a Sele\u00e7\u00e3o ap\u00f3s a pr\u00f3xima Copa","link":"https:\/\/www.futebolinterior.com.br\/pratto-quer-cidadania-brasileira-mas-so-poderia-defender-a-selecao-apos-a-proxima-copa\/","chapeu":"CAMISA 9 IDEAL?","data":"17\/10\/2015","imagem":"https:\/\/images.futebolinterior.com.br\/2021\/04\/0002050121624_img-300x169.jpg","resumo":"Insatisfeito com a falta de espa\u00e7o na Argentina, o atacante do Atl\u00e9tico-MG j\u00e1 afirmou que gostaria de atuar com a camisa canarinho"},"609200":{"titulo":"Sport x Atl\u00e9tico-MG - A persegui\u00e7\u00e3o ao Corinthians continua...","link":"https:\/\/www.futebolinterior.com.br\/sport-x-atletico-mg-a-perseguicao-ao-corinthians-continua\/","chapeu":"CONFIANTE!","data":"17\/10\/2015","imagem":"https:\/\/images.futebolinterior.com.br\/2021\/04\/0002050121615_img-300x206.jpg","resumo":"O Le\u00e3o, por sua vez, quer a vit\u00f3ria para colar novamente no G4"},"609337":{"titulo":"Flamengo x Internacional - Quem vai deixar a chama acesa?","link":"https:\/\/www.futebolinterior.com.br\/flamengo-x-internacional-quem-vai-deixar-a-chama-acesa\/","chapeu":"SEDE DE VIT\u00d3RIA","data":"17\/10\/2015","imagem":"https:\/\/images.futebolinterior.com.br\/2021\/04\/0002050121490_img-300x200.jpg","resumo":"As duas equipes entram em um confronto direto para se distanciar uma da outra e se aproximar do topo da tabela."},"609204":{"titulo":"Gr\u00eamio x Chapecoense - Ap\u00f3s \"rodada perfeita\", Tricolor quer seguir abrindo vantagem no G4","link":"https:\/\/www.futebolinterior.com.br\/gremio-x-chapecoense-apos-rodada-perfeita-tricolor-quer-seguir-abrindo-vantagem-no-g4\/","chapeu":"DEU TUDO CERTO","data":"17\/10\/2015","imagem":"https:\/\/images.futebolinterior.com.br\/2021\/04\/0002050121614_img-300x169.jpg","resumo":"Na \u00faltima rodada, nenhum dos concorrentes diretos pela terceira e quarta coloca\u00e7\u00e3o pontuou"},"609209":{"titulo":"Santos x Goi\u00e1s - \u00c9 afundar Esmeraldino para se firmar no G4","link":"https:\/\/www.futebolinterior.com.br\/santos-x-goias-e-afundar-esmeraldino-para-se-firmar-no-g4\/","chapeu":"QUEM LEVA?","data":"17\/10\/2015","imagem":"https:\/\/images.futebolinterior.com.br\/2021\/04\/0002050121611_img-300x130.jpg","resumo":"O Verd\u00e3o n\u00e3o pode mais pensar em perder se quiser deixar a zona de rebaixamento"},"609206":{"titulo":"Atl\u00e9tico-PR x Corinthians - Com secadores de olho, l\u00edder tem parada dura fora de casa","link":"https:\/\/www.futebolinterior.com.br\/atletico-pr-x-corinthians-com-secadores-de-olho-lider-tem-parada-dura-fora-de-casa\/","chapeu":"NA PONTA!","data":"17\/10\/2015","imagem":"https:\/\/images.futebolinterior.com.br\/2021\/04\/0002050121613_img-300x157.jpg","resumo":"O Tim\u00e3o \u00e9 o primeiro colocado do Basileir\u00e3o com cinco pontos de vantagem em rela\u00e7\u00e3o ao Atl\u00e9tico-MG"}}