{"609041":{"titulo":"Marcelo Oliveira acha pouco prov\u00e1vel a volta de Robinho na quarta","link":"https:\/\/www.futebolinterior.com.br\/marcelo-oliveira-acha-pouco-provavel-a-volta-de-robinho-na-quarta\/","chapeu":"DIF\u00cdCIL...","data":"18\/10\/2015","imagem":"https:\/\/images.futebolinterior.com.br\/2021\/04\/0002050121896_img-300x180.jpg","resumo":"Robinho chegou a treinar com os jogadores normalmente na semana passada, mas voltou a sentir dores e acabou sendo descartado das partidas contra Ponte Preta e Ava\u00ed."},"609064":{"titulo":"Joinville 1 x 0 Figueirense - JEC deixa a lanterna do Brasileir\u00e3o","link":"https:\/\/www.futebolinterior.com.br\/joinville-1-x-0-figueirense-jec-deixa-a-lanterna-do-brasileirao\/","chapeu":"SURPRESA!","data":"17\/10\/2015","imagem":"https:\/\/images.futebolinterior.com.br\/2021\/04\/0002050121878_img-300x287.jpg","resumo":"O Joinville n\u00e3o \u00e9 mais o lanterna do Campeonato Brasileiro"},"609086":{"titulo":"Palmeiras destaca for\u00e7a do elenco em vit\u00f3ria com time misto","link":"https:\/\/www.futebolinterior.com.br\/palmeiras-destaca-forca-do-elenco-em-vitoria-com-time-misto\/","chapeu":"DEU CERTO","data":"17\/10\/2015","imagem":"https:\/\/images.futebolinterior.com.br\/2021\/04\/0002050121714_img-300x180.jpg","resumo":"O t\u00e9cnico Marcelo Oliveira resolveu poupar alguns jogadores do Palmeiras na partida contra o Ava\u00ed, neste s\u00e1bado, e a t\u00e1tica acabou dando certo, j\u00e1 que a equipe venceu por 3 a 1 "},"609090":{"titulo":"Levir prega cautela e pede para Atl\u00e9tico-MG n\u00e3o 'afrouxar' na reta final","link":"https:\/\/www.futebolinterior.com.br\/levir-prega-cautela-e-pede-para-atletico-mg-nao-afrouxar-na-reta-final\/","chapeu":"CALMA","data":"17\/10\/2015","imagem":"https:\/\/images.futebolinterior.com.br\/2021\/04\/0002050121712_img-300x208.jpg","resumo":"A oito rodadas do fim do Brasileir\u00e3o, o Atl\u00e9tico-MG segue firme na persegui\u00e7\u00e3o ao l\u00edder Corinthians"},"609067":{"titulo":"BRASILEIR\u00c3O: Palmeiras volta a vencer e Joinville fatura cl\u00e1ssico","link":"https:\/\/www.futebolinterior.com.br\/brasileirao-palmeiras-volta-a-vencer-e-joinville-fatura-classico\/","chapeu":"S\u00d3 JESUS","data":"17\/10\/2015","imagem":"https:\/\/images.futebolinterior.com.br\/2021\/04\/0002050121711_img-237x300.jpg","resumo":"O Palmeiras finalmente voltou a vencer no Brasileir\u00e3o, agora pela 31\u00aa rodada"},"609099":{"titulo":"Guerrero e Jorge retornam ao time titular do Flamengo e Wallace preocupa","link":"https:\/\/www.futebolinterior.com.br\/guerrero-e-jorge-retornam-ao-time-titular-do-flamengo-e-wallace-preocupa\/","chapeu":"QUEM JOGA?","data":"17\/10\/2015","imagem":"https:\/\/images.futebolinterior.com.br\/2021\/04\/0002050121690_img-300x169.jpg","resumo":"A oito rodadas do final do Brasileir\u00e3o, Flamengo e Internacional ainda sonham com uma vaga na zona de classifica\u00e7\u00e3o \u00e0 Libertadores 2016"},"609102":{"titulo":"Ava\u00ed 1 x 3 Palmeiras - Verd\u00e3o dorme no G4!","link":"https:\/\/www.futebolinterior.com.br\/avai-1-x-3-palmeiras-verdao-dorme-no-g4\/","chapeu":"BOA PORCO!","data":"17\/10\/2015","imagem":"https:\/\/images.futebolinterior.com.br\/2021\/04\/0002050121684_img-300x221.jpg","resumo":"Com o resultado, o Palmeiras, que estava com 45 pontos e na sexta coloca\u00e7\u00e3o, ultrapassa por hora os rivais Santos e S\u00e3o Paulo, que jogam no pr\u00f3ximo domingo"},"609161":{"titulo":"D\u00favidas, Manoel e Bruno Rodrigo s\u00e3o relacionados no Cruzeiro","link":"https:\/\/www.futebolinterior.com.br\/duvidas-manoel-e-bruno-rodrigo-sao-relacionados-no-cruzeiro\/","chapeu":"SER\u00c1?","data":"17\/10\/2015","imagem":"https:\/\/images.futebolinterior.com.br\/2021\/04\/0002050121656_img-300x208.jpg","resumo":"A presen\u00e7a dos dois atletas entre os titulares depende de uma \u00faltima avalia\u00e7\u00e3o horas antes da partida"},"609151":{"titulo":"Em meio \u00e0s pol\u00eamicas, S\u00e3o Paulo negocia volta de jogador campe\u00e3o do mundo em 2005","link":"https:\/\/www.futebolinterior.com.br\/em-meio-as-polemicas-sao-paulo-negocia-volta-de-jogador-campeao-do-mundo-em-2005\/","chapeu":"DE VOLTA?","data":"17\/10\/2015","imagem":"https:\/\/images.futebolinterior.com.br\/2021\/04\/0002050121649_img-300x180.jpg","resumo":"A sondagem de Edcarlos foi realizada poucos dias antes do ex-presidente Carlos Miguel Aidar apresentar sua carta de ren\u00fancia"},"609168":{"titulo":"Ralf \u00e9 poupado de treino, mas deve ser titular do Corinthians contra Atl\u00e9tico-PR","link":"https:\/\/www.futebolinterior.com.br\/ralf-e-poupado-de-treino-mas-deve-ser-titular-do-corinthians-contra-atletico-pr\/","chapeu":"APRONTO FINAL","data":"17\/10\/2015","imagem":"https:\/\/images.futebolinterior.com.br\/2021\/04\/0002050121648_img-300x188.jpg","resumo":"Segundo Tite, uma avalia\u00e7\u00e3o ser\u00e1 feita momentos antes de a bola rolar e Ralf deve ser um dos 11 atletas a entrar em campo"}}