{"2524827":{"titulo":"Amazonas perde goleiro titular e espera retorno de atacante para decis\u00e3o na S\u00e9rie C","link":"https:\/\/www.futebolinterior.com.br\/amazonas-perde-goleiro-titular-e-espera-retorno-de-atacante-para-decisao-na-serie-c\/","chapeu":"ESCALA\u00c7\u00c3O","data":"27\/08\/2026","imagem":"https:\/\/images.futebolinterior.com.br\/2026\/08\/IMG_7599-300x200.webp","resumo":""},"2524786":{"titulo":"S\u00e9rie C: Paysandu vende 15 mil ingressos para jogo contra o Maring\u00e1-PR","link":"https:\/\/www.futebolinterior.com.br\/paysandu-venda-e-ingressos-serie-c\/","chapeu":"GARANTA O SEU","data":"27\/08\/2026","imagem":"https:\/\/images.futebolinterior.com.br\/2026\/08\/iiJUBXyZ-image-300x185.webp","resumo":"Enquanto as cadeiras iniciam em R$ 40. Adeptos adimplentes do programa s\u00f3cio-torcedor Payx\u00e3o Prime Residencial tamb\u00e9m t\u00eam descontos regressivos. "},"2524774":{"titulo":"Eron pede calma ao Santa Cruz antes de decis\u00e3o pela classifica\u00e7\u00e3o na S\u00e9rie C","link":"https:\/\/www.futebolinterior.com.br\/eron-projeta-santa-cruz-serie-c\/","chapeu":"FOCO TOTAL","data":"27\/08\/2026","imagem":"https:\/\/images.futebolinterior.com.br\/2026\/08\/oVMxmmsA-image-300x202.webp","resumo":"Com a vaga dependendo apenas de uma vit\u00f3ria, o time pernambucano encara o compromisso como uma oportunidade de confirmar o bom momento"},"2524749":{"titulo":"Botafogo-PB pode rodar elenco na \u00faltima rodada da S\u00e9rie C","link":"https:\/\/www.futebolinterior.com.br\/botafogo-itabaiana-pela-serie-c\/","chapeu":"J\u00c1 CLASSIFICADO","data":"27\/08\/2026","imagem":"https:\/\/images.futebolinterior.com.br\/2026\/08\/bhjtGkRA-image-300x211.webp","resumo":"O Botafogo-PB n\u00e3o contar\u00e1 com os laterais Diogo Matheus e PK. Os dois receberam o terceiro cart\u00e3o amarelo na vit\u00f3ria por 3 a 1 sobre o Guarani"},"2524741":{"titulo":"Figueirense tenta reencontrar o caminho das vit\u00f3rias no Orlando Scarpelli","link":"https:\/\/www.futebolinterior.com.br\/figueirense-tenta-vencer-estadio\/","chapeu":"JEJUM","data":"27\/08\/2026","imagem":"https:\/\/images.futebolinterior.com.br\/2026\/08\/C3FSwoTd-image-300x195.webp","resumo":"A equipe catarinense n\u00e3o conquista um triunfo diante de sua torcida h\u00e1 quase tr\u00eas meses, sequ\u00eancia que aumenta a press\u00e3o na reta final da temporada"},"2524736":{"titulo":"Figueirense tem direitos penhorados em neg\u00f3cio com o Manchester City","link":"https:\/\/www.futebolinterior.com.br\/figueirense-tem-bens-bloqueados-justica\/","chapeu":"BLOQUEIO","data":"27\/08\/2026","imagem":"https:\/\/images.futebolinterior.com.br\/2026\/08\/xzXAE4tF-image-300x243.webp","resumo":"A determina\u00e7\u00e3o foi assinada na \u00faltima ter\u00e7a-feira (25), pelo juiz Pedro Henrique Valdevite Agostinho, da 5\u00aa Vara C\u00edvel do Foro Central de S\u00e3o Paulo"},"2524731":{"titulo":"S\u00e9rie C: H\u00e9lder brilha, e An\u00e1polis mant\u00e9m vivo o sonho de escapar da queda","link":"https:\/\/www.futebolinterior.com.br\/zagueiro-fala-anapolis-na-serie-c\/","chapeu":"HOMEM GOL","data":"27\/08\/2026","imagem":"https:\/\/images.futebolinterior.com.br\/2026\/08\/9XnIpzA6-image-300x238.webp","resumo":"Ap\u00f3s o apito final, o defensor destacou a import\u00e2ncia do resultado para a equipe. Segundo H\u00e9lder, o empate n\u00e3o atenderia \u00e0s necessidades do An\u00e1polis"},"2524724":{"titulo":"Maring\u00e1 chega \u00e0 \u00faltima rodada da S\u00e9rie C com chances de classifica\u00e7\u00e3o","link":"https:\/\/www.futebolinterior.com.br\/maringa-ainda-tem-chances-na-serie-c\/","chapeu":"DECIS\u00c3O","data":"27\/08\/2026","imagem":"https:\/\/images.futebolinterior.com.br\/2026\/08\/CCLwaVw6-image-300x208.webp","resumo":"Atualmente, h\u00e1 uma concentra\u00e7\u00e3o de equipes na parte intermedi\u00e1ria da tabela, o que deixa a disputa pelas \u00faltimas vagas bastante equilibrada"},"2524707":{"titulo":"Atacante se despede do Volta Redonda e n\u00e3o joga a \u00faltima rodada da S\u00e9rie C","link":"https:\/\/www.futebolinterior.com.br\/atacante-se-despede-do-volta-redonda\/","chapeu":"DE SA\u00cdDA","data":"27\/08\/2026","imagem":"https:\/\/images.futebolinterior.com.br\/2026\/08\/qUnMkSYK-image-300x181.webp","resumo":"Contratado durante a temporada para refor\u00e7ar a equipe na disputa do Campeonato Brasileiro da S\u00e9rie C, Romarinho entrou em campo 22 vezes com a camisa do Volta Redonda"},"2524705":{"titulo":"Guarani aposta no retrospecto para avan\u00e7ar na S\u00e9rie C","link":"https:\/\/www.futebolinterior.com.br\/guarani-aposta-retrospecto-serie-c\/","chapeu":"VAI PASSAR?","data":"27\/08\/2026","imagem":"https:\/\/images.futebolinterior.com.br\/2026\/08\/guarani-retrospecto-brusque-serie-c-raphael-silvestre-300x183.webp","resumo":"Neste s\u00e1bado, \u00e0s 17h, o Guarani recebe o l\u00edder Brusque em uma partida que pode garantir a presen\u00e7a da equipe no quadrangular"}}