{"2524813":{"titulo":"T\u00e9cnico do Itabaiana mostra otimismo contra queda na S\u00e9rie C: \"N\u00e3o h\u00e1 nada perdido\"","link":"https:\/\/www.futebolinterior.com.br\/tecnico-itabaiana-otimismo-contra-queda\/","chapeu":"ANIMADO","data":"27\/08\/2026","imagem":"https:\/\/images.futebolinterior.com.br\/2026\/08\/marcelo-chamusca-otimista-itabaiana-300x215.webp","resumo":"Itabaiana n\u00e3o depende somente de suas pr\u00f3prias for\u00e7as para evitar rebaixamento e treinador demonstra estar confiante"},"2524815":{"titulo":"Zagueiro do Brusque mira topo na conclus\u00e3o da 1\u00aa fase da S\u00e9rie C","link":"https:\/\/www.futebolinterior.com.br\/zagueiro-brusque-mira-topo-serie-c\/","chapeu":"OBJETIVO","data":"27\/08\/2026","imagem":"https:\/\/images.futebolinterior.com.br\/2026\/08\/joao-maistro-objetivo-brusque-300x215.webp","resumo":"Brusque tamb\u00e9m projeta terminar l\u00edder, mesmo devendo poupar alguns atletas considerados titulares contra o Guarani"},"2524819":{"titulo":"Paysandu tem dois retornos e duas baixas na \u00faltima rodada da S\u00e9rie C","link":"https:\/\/www.futebolinterior.com.br\/paysandu-dois-retornos-duas-baixas\/","chapeu":"NOVIDADES","data":"27\/08\/2026","imagem":"https:\/\/images.futebolinterior.com.br\/2026\/08\/bruno-bispo-desfalque-paysandu-300x215.webp","resumo":"Paysandu ter\u00e1 de modificar a escala\u00e7\u00e3o no confronto direto, que pode garantir classifica\u00e7\u00e3o \u00e0 2\u00aa fase desta Terceirona"},"2524901":{"titulo":"Itabaiana x Botafogo(PB) - Onde assistir, hor\u00e1rio e escala\u00e7\u00f5es!","link":"https:\/\/www.futebolinterior.com.br\/itabaiana-x-botafogopb-onde-assistir-horario-e-escalacoes\/","chapeu":"PR\u00c9-JOGO","data":"27\/08\/2026","imagem":"https:\/\/images.futebolinterior.com.br\/2026\/08\/IMG_7606-300x236.webp","resumo":"Em Aracaju, Itabaiana precisa vencer e torcer por trope\u00e7o de Barra ou An\u00e1polis para escapar da S\u00e9rie D; Botafogo-PB poupa titulares e busca lideran\u00e7a"},"2524892":{"titulo":"Yuri Tanque estreia pelo Crici\u00fama e alcan\u00e7a marca de 200 jogos como profissional","link":"https:\/\/www.futebolinterior.com.br\/yuri-tanque-estreia-pelo-criciuma-e-alcanca-marca-de-200-jogos-como-profissional\/","chapeu":"RETORNO","data":"27\/08\/2026","imagem":"https:\/\/images.futebolinterior.com.br\/2026\/08\/ba1e89a1-c651-411a-bfe0-adf7a812a9cc-300x161.webp","resumo":""},"2524877":{"titulo":"Arilson celebra estreia com vit\u00f3ria no Santa Cruz e foca em classifica\u00e7\u00e3o","link":"https:\/\/www.futebolinterior.com.br\/arilson-celebra-estreia-com-vitoria-no-santa-cruz-e-foca-em-classificacao\/","chapeu":"S\u00c9RIE C","data":"27\/08\/2026","imagem":"https:\/\/images.futebolinterior.com.br\/2026\/08\/IMG_7595-300x169.webp","resumo":""},"2524872":{"titulo":"Capit\u00e3o do Maring\u00e1 chama duelo contra o Paysandu de \u201cfinal\u201d","link":"https:\/\/www.futebolinterior.com.br\/capitao-do-maringa-chama-duelo-contra-o-paysandu-de-final\/","chapeu":"S\u00c9RIE C","data":"27\/08\/2026","imagem":"https:\/\/images.futebolinterior.com.br\/2026\/08\/IMG_7596-300x169.webp","resumo":""},"2524850":{"titulo":"Brusque faz treino t\u00e1tico e prioriza bola parada antes de duelo com o Guarani","link":"https:\/\/www.futebolinterior.com.br\/brusque-faz-treino-tatico-e-prioriza-bola-parada-antes-de-duelo-com-o-guarani\/","chapeu":"PREPARO","data":"27\/08\/2026","imagem":"https:\/\/images.futebolinterior.com.br\/2026\/08\/IMG_7604-300x159.webp","resumo":""},"2524843":{"titulo":"Paysandu encaminha acerto com Kukri, revela\u00e7\u00e3o do \u00c1guia","link":"https:\/\/www.futebolinterior.com.br\/paysandu-encaminha-acerto-com-kukri-revelacao-do-aguia\/","chapeu":"MERCADO","data":"27\/08\/2026","imagem":"https:\/\/images.futebolinterior.com.br\/2026\/08\/IMG_7598-300x190.webp","resumo":""},"2524839":{"titulo":"Jerson Testoni prega confian\u00e7a para decis\u00e3o do Maranh\u00e3o contra o Figueirense","link":"https:\/\/www.futebolinterior.com.br\/jerson-testoni-prega-confianca-para-decisao-do-maranhao-contra-o-figueirense\/","chapeu":"FOCO","data":"27\/08\/2026","imagem":"https:\/\/images.futebolinterior.com.br\/2026\/08\/IMG_7600-300x150.webp","resumo":""}}