{"2524707":{"titulo":"Atacante se despede do Volta Redonda e n\u00e3o joga a \u00faltima rodada da S\u00e9rie C","link":"https:\/\/www.futebolinterior.com.br\/atacante-se-despede-do-volta-redonda\/","chapeu":"DE SA\u00cdDA","data":"27\/08\/2026","imagem":"https:\/\/images.futebolinterior.com.br\/2026\/08\/qUnMkSYK-image-300x181.webp","resumo":"Contratado durante a temporada para refor\u00e7ar a equipe na disputa do Campeonato Brasileiro da S\u00e9rie C, Romarinho entrou em campo 22 vezes com a camisa do Volta Redonda"},"2524705":{"titulo":"Guarani aposta no retrospecto para avan\u00e7ar na S\u00e9rie C","link":"https:\/\/www.futebolinterior.com.br\/guarani-aposta-retrospecto-serie-c\/","chapeu":"VAI PASSAR?","data":"27\/08\/2026","imagem":"https:\/\/images.futebolinterior.com.br\/2026\/08\/guarani-retrospecto-brusque-serie-c-raphael-silvestre-300x183.webp","resumo":"Neste s\u00e1bado, \u00e0s 17h, o Guarani recebe o l\u00edder Brusque em uma partida que pode garantir a presen\u00e7a da equipe no quadrangular"},"2524698":{"titulo":"Ferrovi\u00e1ria anuncia sa\u00edda de atacante ap\u00f3s cinco meses no clube","link":"https:\/\/www.futebolinterior.com.br\/atacante-se-despede-ferroviaria-serie-c\/","chapeu":"MUDAN\u00c7AS","data":"27\/08\/2026","imagem":"https:\/\/images.futebolinterior.com.br\/2026\/08\/t8bmkpq0-image-300x241.webp","resumo":"Em comunicado oficial, a Ferrovi\u00e1ria agradeceu Allison pelo per\u00edodo em que esteve no clube e desejou sucesso ao atleta na sequ\u00eancia da carreira"},"2524654":{"titulo":"De l\u00edder a amea\u00e7ado: como o Guarani colocou classifica\u00e7\u00e3o na S\u00e9rie C em risco","link":"https:\/\/www.futebolinterior.com.br\/de-lider-a-ameacado-como-o-guarani-colocou-classificacao-na-serie-c-em-risco\/","chapeu":"SE LIGA!","data":"27\/08\/2026","imagem":"https:\/\/images.futebolinterior.com.br\/2026\/08\/Captura-de-tela-2026-08-27-081854-300x222.webp","resumo":"L\u00edder isolado da S\u00e9rie C ap\u00f3s dez rodadas, o Guarani sofreu uma queda acentuada de rendimento e caiu para a s\u00e9tima posi\u00e7\u00e3o"},"2524651":{"titulo":"Zanardi rompe sil\u00eancio ap\u00f3s deixar a Ponte: 'N\u00e3o havia mais condi\u00e7\u00f5es'","link":"https:\/\/www.futebolinterior.com.br\/zanardi-rompe-silencio-apos-deixar-a-ponte-nao-havia-mais-condicoes\/","chapeu":"REVELA\u00c7\u00c3O!","data":"27\/08\/2026","imagem":"https:\/\/images.futebolinterior.com.br\/2026\/08\/PONTE-300x200.avif","resumo":"M\u00e1rcio Zanardi se pronunciou pela primeira vez ap\u00f3s pedir demiss\u00e3o da Ponte Preta"},"2524518":{"titulo":"Maranh\u00e3o tem d\u00favida para \u00faltimo jogo da S\u00e9rie C","link":"https:\/\/www.futebolinterior.com.br\/maranhao-duvida-ultimo-jogo\/","chapeu":"INCERTO","data":"26\/08\/2026","imagem":"https:\/\/images.futebolinterior.com.br\/2026\/08\/pimentinha-duvida-maranhao-300x214.webp","resumo":"Maranh\u00e3o precisa vencer e torcer pelo trope\u00e7o de uma das seis equipes que est\u00e3o \u00e0 frente na tabela da Terceirona"},"2524516":{"titulo":"Itabaiana tem novo desfalque para \"decis\u00e3o\" na S\u00e9rie C","link":"https:\/\/www.futebolinterior.com.br\/itabaiana-novo-desfalque-decisao\/","chapeu":"PROBLEMA","data":"26\/08\/2026","imagem":"https:\/\/images.futebolinterior.com.br\/2026\/08\/gustavo-crecci-desfalque-itabaiana-300x214.webp","resumo":"Itabaiana, que j\u00e1 tinha cinco jogadores fora de combate por les\u00e3o, perde agora um titular absoluto depois de suspens\u00e3o"},"2524514":{"titulo":"Evaristo Piza prev\u00ea jogo decisivo do Barra-SC na S\u00e9rie C: \"N\u00e3o tem mais o pr\u00f3ximo\"","link":"https:\/\/www.futebolinterior.com.br\/evaristo-piza-preve-jogo-barra\/","chapeu":"PREVIS\u00c3O","data":"26\/08\/2026","imagem":"https:\/\/images.futebolinterior.com.br\/2026\/08\/evaristo-piza-preve-jogo-decisivo-barra-sc-300x214.webp","resumo":"Evaristo Piza mostra consci\u00eancia que o cochilo na derrota para o Maring\u00e1 fez o Pescador demonstrar suas fragilidades"},"2524267":{"titulo":"Amazonas ganha dois refor\u00e7os para \u00faltima rodada da S\u00e9rie C","link":"https:\/\/www.futebolinterior.com.br\/amazonas-ganha-reforcos-serie-c\/","chapeu":"NOVIDADES","data":"26\/08\/2026","imagem":"https:\/\/images.futebolinterior.com.br\/2026\/08\/kaue-fernandes-reforco-amazonas-300x214.webp","resumo":"Amazonas tem importante novidade no meio-campo e no ataque para a partida decisiva pela vaga contra o Ypiranga-RS"},"2524510":{"titulo":"Rebaixado na S\u00e9rie C, Confian\u00e7a tem escala\u00e7\u00e3o incerta para \u00faltima rodada","link":"https:\/\/www.futebolinterior.com.br\/confianca-escalacao-incerta\/","chapeu":"MIST\u00c9RIO","data":"26\/08\/2026","imagem":"https:\/\/images.futebolinterior.com.br\/2026\/08\/confianca-indefinido-despedida-serie-c-300x228.webp","resumo":"Confian\u00e7a tem mist\u00e9rio entre 11 iniciais por possibilidade de dispensas antes do encerramento da atual temporada"}}