{"2296530":{"titulo":"Ituano pode perder espa\u00e7o no G-8 pela primeira vez na S\u00e9rie C","link":"https:\/\/www.futebolinterior.com.br\/ituano-pode-perder-espaco-no-g-8-pela-primeira-vez-na-serie-c\/","chapeu":"T\u00c1 RUIM!","data":"19\/06\/2025","imagem":"https:\/\/images.futebolinterior.com.br\/2025\/06\/Screenshot_3-300x181.webp","resumo":"O Ituano pode perder espa\u00e7o no G-8 da S\u00e9rie C do Campeonato Brasileiro pela primeira vez desde que alcan\u00e7ou a zona"},"2296360":{"titulo":"Zagueiro do N\u00e1utico tem estreia aprovada: \"Vai afinar mais\"","link":"https:\/\/www.futebolinterior.com.br\/zagueiro-nautico-estreia-aprovada\/","chapeu":"ELOGIADO","data":"19\/06\/2025","imagem":"https:\/\/images.futebolinterior.com.br\/2025\/06\/mateus-silva-estreia-nautico-300x240.webp","resumo":"N\u00e1utico tem passado por oscila\u00e7\u00e3o no setor defensivo e atleta, da confian\u00e7a do t\u00e9cnico, se destacou no primeiro jogo"},"2296518":{"titulo":"Volante do Maring\u00e1 celebra momento individual e mira acesso: \"Total condi\u00e7\u00e3o\"","link":"https:\/\/www.futebolinterior.com.br\/volante-do-maringa-celebra-momento-individual-e-mira-acesso-total-condicao\/","chapeu":"ESTREOU","data":"19\/06\/2025","imagem":"https:\/\/images.futebolinterior.com.br\/2025\/06\/Screenshot_2-300x196.webp","resumo":"Contratado pelo Maring\u00e1 durante a janela especial, o volante Vin\u00edcius Amaral fez sua estreia na S\u00e9rie C"},"2296364":{"titulo":"Volante do CSA avalia improviso na lateral: \"Feliz de ter sequ\u00eancia\"","link":"https:\/\/www.futebolinterior.com.br\/volante-csa-avalia-improviso-lateral\/","chapeu":"\u00c0 ALTURA","data":"19\/06\/2025","imagem":"https:\/\/images.futebolinterior.com.br\/2025\/06\/ramon-improvisado-lateral-csa-300x160.webp","resumo":"CSA encontrou dificuldades ap\u00f3s perder dupla da posi\u00e7\u00e3o, por les\u00e3o, mas cabe\u00e7a de \u00e1rea deu conta do recado e ajudou"},"2296474":{"titulo":"Thiago Coelho celebra lideran\u00e7a do Caxias e busca pela classifica\u00e7\u00e3o na S\u00e9rie C","link":"https:\/\/www.futebolinterior.com.br\/goleiro-caxias-classificacao-serie-c\/","chapeu":"PARED\u00c3O","data":"19\/06\/2025","imagem":"https:\/\/images.futebolinterior.com.br\/2025\/06\/TD6qbTgO-image-300x224.webp","resumo":"Um dos destaques da partida foi o goleiro Thiago Coelho, que fez grandes defesas e ajudou na conquista de mais um triunfo"},"2296427":{"titulo":"Guarani encosta no G-8 e lateral crava: \"A gente vai subir o time\"","link":"https:\/\/www.futebolinterior.com.br\/guarani-encosta-no-g-8-e-lateral-crava-a-gente-vai-subir-o-time\/","chapeu":"OLHO NO G-8","data":"19\/06\/2025","imagem":"https:\/\/images.futebolinterior.com.br\/2025\/06\/gScS7Q5K-Screenshot_1-300x209.webp","resumo":"Com a vit\u00f3ria pra cima da Itabaiana, o Guarani fechou a nona rodada da S\u00e9rie C do Brasileir\u00e3o com apenas dois pontos de dist\u00e2ncia para o G-8"},"2296303":{"titulo":"Retr\u00f4 apresenta dupla contratada para S\u00e9rie C","link":"https:\/\/www.futebolinterior.com.br\/retro-apresenta-dupla-serie-c\/","chapeu":"NOVATOS","data":"19\/06\/2025","imagem":"https:\/\/images.futebolinterior.com.br\/2025\/06\/vagner-love-apresentado-estreia-retro-300x219.webp","resumo":"Retr\u00f4 j\u00e1 estreou novatos, que chegaram para ajudar a qualificar elenco azulino no restante da disputa da Terceirona"},"2296406":{"titulo":"Brusque tenta recuperar atletas durante parada de 15 dias na S\u00e9rie C","link":"https:\/\/www.futebolinterior.com.br\/brusque-tenta-recuperar-atletas-durante-parada-de-15-dias-na-serie-c\/","chapeu":"SETE!","data":"19\/06\/2025","imagem":"https:\/\/images.futebolinterior.com.br\/2025\/06\/Screenshot_20-300x198.webp","resumo":"O Brusque tenta recuperar atletas lesionados para voltar a brigar pelas primeiras posi\u00e7\u00f5es no G-8 da S\u00e9rie C"},"2296300":{"titulo":"\u00c2ngelo Luiz deixa An\u00e1polis ap\u00f3s t\u00edtulos, dois vices e decep\u00e7\u00e3o na S\u00e9rie C","link":"https:\/\/www.futebolinterior.com.br\/angelo-luiz-deixa-anapolis-apos-titulos-dois-vices-e-decepcao-na-serie-c\/","chapeu":"FIGURA","data":"19\/06\/2025","imagem":"https:\/\/images.futebolinterior.com.br\/2025\/06\/WhatsApp-Image-2025-06-17-at-11.53.10-300x200.webp","resumo":"Na \u00faltima ter\u00e7a-feira (17), o An\u00e1polis comunicou a sa\u00edda de \u00c2ngelo Luiz, colocando um ponto final na hist\u00f3rica passagem do treinador"},"2296289":{"titulo":"Refor\u00e7o do Itabaiana, Pedro Henrique destaca desafio de sair do Z-4","link":"https:\/\/www.futebolinterior.com.br\/reforco-do-itabaiana-pedro\/","chapeu":"CHEGOU","data":"18\/06\/2025","imagem":"https:\/\/images.futebolinterior.com.br\/2025\/06\/Pedro-Henrique-AOI-300x200.webp","resumo":"Rec\u00e9m-contratado pelo Itabaiana, o atacante Pedro Henrique participou pela primeira vez da atividade com o restante dos companheiros"}}