{"2299022":{"titulo":"Atacante deixa o Maring\u00e1 mesmo ap\u00f3s renovar v\u00ednculo at\u00e9 2028","link":"https:\/\/www.futebolinterior.com.br\/atacante-deixa-o-maringa-mesmo-apos-renovar-vinculo-ate-2028\/","chapeu":"SA\u00cdDA","data":"24\/06\/2025","imagem":"https:\/\/images.futebolinterior.com.br\/2025\/06\/imagem_2025-06-24_165548048-300x200.webp","resumo":"O Maring\u00e1 sofreu mais uma baixa nesta segunda-feira (23), quando o atacante Matheus Moraes, de 25 anos, viajou rumo \u00e0 Coreia do Sul"},"2299006":{"titulo":"S\u00e3o Bernardo FC n\u00e3o negocia neste momento a venda da SAF","link":"https:\/\/www.futebolinterior.com.br\/sao-bernardo-fc-emite-nota-negando-qualquer-negociacao-para-venda-do-clube\/","chapeu":"RESPONDEU","data":"24\/06\/2025","imagem":"https:\/\/images.futebolinterior.com.br\/2025\/06\/16af5d07-3ba7-4d62-beb0-c69c0c06fa9e-300x256.webp","resumo":"A reportagem FI entrou em contato com o \u00c1gua Santa, que preferiu n\u00e3o se pronunciar sobre o assunto. O S\u00e3o Bernardo n\u00e3o negocia agora."},"2298963":{"titulo":"An\u00e1polis completa tr\u00eas meses sem vencer ap\u00f3s vice-campeonato","link":"https:\/\/www.futebolinterior.com.br\/anapolis-completa-tres-meses-sem-vencer-apos-vice-campeonato\/","chapeu":"3 MESES","data":"24\/06\/2025","imagem":"https:\/\/images.futebolinterior.com.br\/2025\/06\/MaAaWpE7-Screenshot_2-300x210.webp","resumo":"O An\u00e1polis encara sequ\u00eancia negativa e n\u00e3o vence desde a primeira final do Campeonato Goiano, quando bateu o Vila Nova por 2 a 0"},"2298932":{"titulo":"Retr\u00f4 anuncia retorno de Itamar Sch\u00fclle","link":"https:\/\/www.futebolinterior.com.br\/retro-anuncia-retorno-de-itamar-schulle\/","chapeu":"DE VOLTA","data":"24\/06\/2025","imagem":"https:\/\/images.futebolinterior.com.br\/2025\/06\/Screenshot_1-300x224.webp","resumo":"O Retr\u00f4 confirmou nesta ter\u00e7a-feira (24) a contrata\u00e7\u00e3o de seu quinto treinador durante a temporada de 2025"},"2298910":{"titulo":"Gabriel da Motta projeta futuro no Guarani","link":"https:\/\/www.futebolinterior.com.br\/gabriel-da-motta-projeta-futuro-no-guarani\/","chapeu":"OLHO NELE","data":"24\/06\/2025","imagem":"https:\/\/images.futebolinterior.com.br\/2025\/06\/IMG_1314-300x157.webp","resumo":""},"2298895":{"titulo":"Roger Silva revela m\u00e1goa com a Ponte e nega convite para trabalhar no clube","link":"https:\/\/www.futebolinterior.com.br\/roger-silva-revela-magoa-com-a-ponte-e-nega-convite-para-trabalhar-no-clube\/","chapeu":"POL\u00caMICA ","data":"24\/06\/2025","imagem":"https:\/\/images.futebolinterior.com.br\/2025\/06\/IMG_1313-300x199.webp","resumo":""},"2298748":{"titulo":"CSA busca quebra de jejum contra Guarani em jogo in\u00e9dito na S\u00e9rie C","link":"https:\/\/www.futebolinterior.com.br\/csa-quebra-jejum-guarani\/","chapeu":"TEM TABU","data":"24\/06\/2025","imagem":"https:\/\/images.futebolinterior.com.br\/2025\/06\/csa-jejum-guarani-300x238.webp","resumo":"CSA soma cinco jogos sem vencer Bugre e faz seu primeiro confronto da hist\u00f3ria pela Terceirona frente aos alviverdes"},"2298745":{"titulo":"N\u00e1utico ganha refor\u00e7os para sequ\u00eancia da S\u00e9rie C","link":"https:\/\/www.futebolinterior.com.br\/nautico-reforcos-sequencia-serie-c\/","chapeu":"NOVIDADES","data":"24\/06\/2025","imagem":"https:\/\/images.futebolinterior.com.br\/2025\/06\/arnaldo-novidade-nautico-tombense-300x200.webp","resumo":"N\u00e1utico tem duas novidades para jogo com o Tombense, fora de casa, e busca ir ao G-8 da Terceirona em duelo direto"},"2298751":{"titulo":"Jean Dias destaca foco da Ponte Preta e projeta \"jogo duro\" contra o Maring\u00e1","link":"https:\/\/www.futebolinterior.com.br\/jean-dias-destaca-foco-da-ponte-preta\/","chapeu":"FOCO TOTAL","data":"24\/06\/2025","imagem":"https:\/\/images.futebolinterior.com.br\/2025\/06\/Jean-Dias-garante-ponte-focada-no-acesso-300x176.webp","resumo":"Jean tamb\u00e9m destacou o comprometimento do elenco da Ponte com o objetivo principal: o acesso \u00e0 S\u00e9rie B"},"2298547":{"titulo":"BOMBA! \u00c1gua Santa pode comprar o S\u00e3o Bernardo e herdar vaga no Paulist\u00e3o","link":"https:\/\/www.futebolinterior.com.br\/bomba-agua-santa-pode-comprar-o-sao-bernardo-e-herdar-vaga-no-paulistao\/","chapeu":"SER\u00c1?","data":"23\/06\/2025","imagem":"https:\/\/images.futebolinterior.com.br\/2025\/06\/Imagem-do-WhatsApp-de-2025-06-23-as-21.32.23_fed953ab-300x225.webp","resumo":"Caso a compra aconte\u00e7a, Mar\u00edlia herdaria a vaga no Paulist\u00e3o S\u00e9rie A2 e o Ara\u00e7atuba subiria para a S\u00e9rie A3"}}