{"2289178":{"titulo":"Volante do Atl\u00e9tico-GO n\u00e3o renova e fica livre no mercado","link":"https:\/\/www.futebolinterior.com.br\/volante-do-atletico-go-nao-renova-e-fica-livre-no-mercado\/","chapeu":"DE SA\u00cdDA!","data":"04\/06\/2025","imagem":"https:\/\/images.futebolinterior.com.br\/2025\/06\/coletiva-rhaldney-1-300x200.webp","resumo":"O volante Rhaldney n\u00e3o vai permanecer no Atl\u00e9tico Goianiense para o restante desta S\u00e9rie B. "},"2289103":{"titulo":"Botafogo-SP x Coritiba - Pantera tenta fugir do Z4 contra Coxa embalado","link":"https:\/\/www.futebolinterior.com.br\/botafogo-sp-x-coritiba-serie-b\/","chapeu":"QUEM LEVA?","data":"04\/06\/2025","imagem":"https:\/\/images.futebolinterior.com.br\/2025\/06\/Botafogo-SP-e-Coritiba-se-enfrentam-na-Serie-B-300x200.webp","resumo":"O Botafogo tenta fazer valer o fator casa para sair do Z4, enquanto o Coritiba quer seguir no G4"},"2289105":{"titulo":"Crici\u00fama acerta contrata\u00e7\u00e3o de atacante do Paysandu","link":"https:\/\/www.futebolinterior.com.br\/criciuma-contratacao-atacante-paysandu\/","chapeu":"RETORNO!","data":"04\/06\/2025","imagem":"https:\/\/images.futebolinterior.com.br\/2025\/06\/img-14-1-300x200.webp","resumo":"O Crici\u00fama acertou nesta quarta-feira (04) a contrata\u00e7\u00e3o do atacante Nicolas, do Paysandu. "},"2289079":{"titulo":"S\u00e9rie B: Botafogo-SP pode ter novidades contra o Coritiba","link":"https:\/\/www.futebolinterior.com.br\/botafogo-pode-ter-novidades-contra-o-coritiba\/","chapeu":"RETORNOS","data":"04\/06\/2025","imagem":"https:\/\/images.futebolinterior.com.br\/2025\/06\/Botafogo-SP-pode-ter-novidades-contra-o-Coritiba-300x173.webp","resumo":"Com nove pontos conquistados em dez jogos, o Botafogo ocupa a 17\u00aa coloca\u00e7\u00e3o, empatado em n\u00famero de pontos com o Crici\u00fama"},"2289071":{"titulo":"Coritiba tem dois desfalques certos para confronto com o Botafogo-SP","link":"https:\/\/www.futebolinterior.com.br\/coritiba-2-desfalquescertos-botafogo-sp\/","chapeu":"FORA DO JOGO!","data":"04\/06\/2025","imagem":"https:\/\/images.futebolinterior.com.br\/2025\/06\/snapins-ai-3627390858070144299.avif","resumo":"O Coritiba visita o Botafogo-SP nesta quinta-feira (05), em partida v\u00e1lida pela 11\u00aa rodada da S\u00e9rie B. "},"2289060":{"titulo":"Paysandu paga multa recis\u00f3ria e acerta com t\u00e9cnico da S\u00e9rie C","link":"https:\/\/www.futebolinterior.com.br\/paysandu-paga-multa-tecnico-da-serie-c\/","chapeu":"FECHADO!","data":"04\/06\/2025","imagem":"https:\/\/images.futebolinterior.com.br\/2025\/06\/Captura-de-tela-2025-06-04-133418-300x231.webp","resumo":"O Paysandu encaminhou nesta quarta-feira (04), a contrata\u00e7\u00e3o do t\u00e9cnico Claudinei Oliveira, do Londrina."},"2288995":{"titulo":"S\u00e9rie B: Amazonas ter\u00e1 retorno contra o Athletic, mas DM segue cheio","link":"https:\/\/www.futebolinterior.com.br\/amazonas-tera-retorno-contra-o-athletic\/","chapeu":"MUDAN\u00c7A","data":"04\/06\/2025","imagem":"https:\/\/images.futebolinterior.com.br\/2025\/06\/Amazonas-tera-retorno-para-encarar-o-Athletic-300x192.webp","resumo":"O Amazonas tem atualmente cinco jogadores afastados por les\u00e3o"},"2288988":{"titulo":"S\u00e9rie B: Ferrovi\u00e1ria pode ter retorno de zagueiro contra o Am\u00e9rica-MG","link":"https:\/\/www.futebolinterior.com.br\/ferroviaria-pode-ter-retorno-de-zagueiro\/","chapeu":"RECUPERADO","data":"04\/06\/2025","imagem":"https:\/\/images.futebolinterior.com.br\/2025\/06\/Ferroviaria-pode-ter-retorno-de-zagueiro-contra-o-America-MG-300x184.webp","resumo":"O defensor, que vinha sendo pe\u00e7a-chave na zaga gren\u00e1, soma 23 jogos pela Ferrovi\u00e1ria em 2025, todos como titular"},"2288968":{"titulo":"S\u00e9rie B: Am\u00e9rica-MG confirma a contrata\u00e7\u00e3o de Enderson Moreira","link":"https:\/\/www.futebolinterior.com.br\/america-mg-contrata-enderson-moreira\/","chapeu":"OFICIAL!","data":"04\/06\/2025","imagem":"https:\/\/images.futebolinterior.com.br\/2025\/06\/America-MG-contrata-enderson-moreira-300x212.webp","resumo":"Enderson, que j\u00e1 comandou o clube em 2009 e entre 2017 e 2018, chega para sua terceira passagem no Am\u00e9rica"},"2288869":{"titulo":"Volta Redonda se prepara para manter embalo e seguir fora do Z-4 da S\u00e9rie B","link":"https:\/\/www.futebolinterior.com.br\/volta-redonda-fora-z-4-da-serie-b\/","chapeu":"COM TUDO","data":"03\/06\/2025","imagem":"https:\/\/images.futebolinterior.com.br\/2025\/06\/Treino-Voltaco-0306-Rafaela-Campos-COMKT-VRFC--300x225.webp","resumo":"Volta Redonda inicia prepara\u00e7\u00e3o para enfrentar o Goi\u00e1s pela S\u00e9rie B"}}