{"2289521":{"titulo":"Cuiab\u00e1 x Paysandu - Dourado mira seguir no G-4 contra lanterna da S\u00e9rie B","link":"https:\/\/www.futebolinterior.com.br\/cuiaba-paysandu-serie-b\/","chapeu":"OPOSTOS","data":"05\/06\/2025","imagem":"https:\/\/images.futebolinterior.com.br\/2025\/06\/cuiaba-paysandu-copa-verde-2019-300x200.webp","resumo":"Cuiab\u00e1 est\u00e1 bem posicionado na tabela e busca ampliar boa fase, j\u00e1 Pap\u00e3o tenta vencer pela primeira vez na Segundona"},"2289621":{"titulo":"S\u00e9rie B: Cuiab\u00e1 acerta chegada por empr\u00e9stimo de atacante ex-Ponte Preta","link":"https:\/\/www.futebolinterior.com.br\/cuiaba-contrata-o-atacante-alisson-safira\/","chapeu":"OFICIAL","data":"05\/06\/2025","imagem":"https:\/\/images.futebolinterior.com.br\/2025\/06\/Cuiaba-contrata-o-atacante-Alisson-Safira-300x200.webp","resumo":"O jogador de 30 anos chega por empr\u00e9stimo ao Cuiab\u00e1 junto do Santa Clara, de Portugal, at\u00e9 o fim da S\u00e9rie B"},"2289510":{"titulo":"S\u00e9rie B: Paysandu contrata atacante que estava no futebol portugu\u00eas","link":"https:\/\/www.futebolinterior.com.br\/paysandu-contrata-o-atacante-petterson\/","chapeu":"REFOR\u00c7O","data":"05\/06\/2025","imagem":"https:\/\/images.futebolinterior.com.br\/2025\/06\/Paysandu-contrata-o-atacante-Petterson-300x210.webp","resumo":"O jogador de 21 anos j\u00e1 realizou todos os procedimentos necess\u00e1rios e assinou contrato por empr\u00e9stimo com o Paysandu"},"2289503":{"titulo":"S\u00e9rie B: Paysandu fecha contrata\u00e7\u00e3o do zagueiro Thiago Heleno, ex-Athletico-PR","link":"https:\/\/www.futebolinterior.com.br\/paysandu-contrata-thiago-heleno\/","chapeu":"\u00c9 DO PAP\u00c3O!","data":"05\/06\/2025","imagem":"https:\/\/images.futebolinterior.com.br\/2025\/06\/Paysandu-contrata-o-zagueiro-Thiago-Heleno-300x196.webp","resumo":"O Paysandu acertou, nesta quarta-feira (04), com o experiente e multicampe\u00e3o zagueiro que vai defender o clube at\u00e9 o fim de 2025"},"2289477":{"titulo":"S\u00e9rie B: Refor\u00e7o do Volta Redonda celebra retorno e garante foco na temporada","link":"https:\/\/www.futebolinterior.com.br\/reforco-do-volta-redonda-celebra-retorno\/","chapeu":"NOVO G\u00c1S?","data":"05\/06\/2025","imagem":"https:\/\/images.futebolinterior.com.br\/2025\/06\/Volta-Redonda-se-prepara-para-encarar-o-Goias-300x240.webp","resumo":"\u00cdtalo ainda falou sobre o que o torcedor do Volta Redonda pode esperar dele neste seu retorno ao clube"},"2289253":{"titulo":"Paysandu se aproxima de acerto com volante de rival\u00a0da\u00a0S\u00e9rie\u00a0B","link":"https:\/\/www.futebolinterior.com.br\/paysandu-aproxima-acerto-volante\/","chapeu":"NA MIRA","data":"04\/06\/2025","imagem":"https:\/\/images.futebolinterior.com.br\/2025\/06\/nathan-melo-negociacao-crb-paysandu-300x200.webp","resumo":"Paysandu segue reformulando elenco depois de in\u00edcio negativo na Segundona e pode firmar mais uma contrata\u00e7\u00e3o"},"2289285":{"titulo":"Calote milion\u00e1rio faz Athletico-PR \"romper\" com naming rights da Arena","link":"https:\/\/www.futebolinterior.com.br\/calote-milionario-faz-athletico-pr-romper-com-naming-rights-da-arena\/","chapeu":"VIXI","data":"04\/06\/2025","imagem":"https:\/\/images.futebolinterior.com.br\/2025\/06\/Screenshot_666-300x149.webp","resumo":"A empresa diz ter sido pega de surpresa com a decis\u00e3o do Athletico e confirmou que h\u00e1 negocia\u00e7\u00f5es para revisar o acordo."},"2289246":{"titulo":"Athletic-MG anuncia contrata\u00e7\u00e3o de t\u00e9cnico portugu\u00eas","link":"https:\/\/www.futebolinterior.com.br\/athletic-mg-contratacaotecnicoportugues\/","chapeu":"CONFIRMADO!","data":"04\/06\/2025","imagem":"https:\/\/images.futebolinterior.com.br\/2025\/06\/Captura-de-tela-2025-06-04-190149-300x237.webp","resumo":"Athletic-MG anuncia oficialmente a contrata\u00e7\u00e3o do treinador Rui Duarte, ex-Mar\u00edtimo, da 2\u00aa divis\u00e3o de Portugal."},"2289239":{"titulo":"Ava\u00ed contrata zagueiro destaque de clube da S\u00e9rie D","link":"https:\/\/www.futebolinterior.com.br\/avai-contrata-zagueiro-destaque\/","chapeu":"MERCADO","data":"04\/06\/2025","imagem":"https:\/\/images.futebolinterior.com.br\/2025\/06\/WhatsApp-Image-2025-05-31-at-12.13.15-300x200.webp","resumo":"O zagueiro Weverton, de 25 anos, foi oficialmente emprestado pelo Jacuipense ao Ava\u00ed"},"2289224":{"titulo":"Crici\u00fama encaminha contrata\u00e7\u00e3o de meia do Juventude","link":"https:\/\/www.futebolinterior.com.br\/criciuma-contratacao-meia-do-juventude\/","chapeu":"REFOR\u00c7O!","data":"04\/06\/2025","imagem":"https:\/\/images.futebolinterior.com.br\/2025\/06\/Captura-de-tela-2025-06-04-181129-300x198.webp","resumo":"Na tarde desta quarta-feira (04), o Crici\u00fama encaminhou a contrata\u00e7\u00e3o do meia Jean Carlos, que esta de sa\u00edda do Juventude. "}}