{"2288842":{"titulo":"S\u00e9rie B: Braz \u00e9 apresentado no Remo e enfatiza: \"Sei lidar sob press\u00e3o\"","link":"https:\/\/www.futebolinterior.com.br\/serie-b-braz-e-apresentado-no-remo-e-enfatiza-sei-lidar-sob-pressao\/","chapeu":"CHEGOU!","data":"03\/06\/2025","imagem":"https:\/\/images.futebolinterior.com.br\/2025\/06\/Screenshot_662-300x265.webp","resumo":"\"Acredito que tenho a facilidade de trabalhar na press\u00e3o, as rela\u00e7\u00f5es constru\u00eddas durante o tempo no futebol e vou poder ajudar e muito o Remo nessa temporada\""},"2288807":{"titulo":"S\u00e9rie B: Renova\u00e7\u00e3o pode melar, e atacante pode deixar o Paysandu","link":"https:\/\/www.futebolinterior.com.br\/renovacao-pode-melar-comborasi-paysandu\/","chapeu":"QUEM LEVA?","data":"03\/06\/2025","imagem":"https:\/\/images.futebolinterior.com.br\/2025\/06\/53866171084-e873afe55b-k-1.avif","resumo":" Benjam\u00edn Borasi havia encaminhado a renova\u00e7\u00e3o de contrato com o Paysandu, por\u00e9m, outras equipes da S\u00e9rie B realizaram sondagens pelo atleta."},"2288672":{"titulo":"Ap\u00f3s a sa\u00edda de Roger, Athletic j\u00e1 consulta poss\u00edvel substituto","link":"https:\/\/www.futebolinterior.com.br\/saida-roger-athletic-possivelsubstituto\/","chapeu":"PLANO A","data":"03\/06\/2025","imagem":"https:\/\/images.futebolinterior.com.br\/2025\/06\/Captura-de-tela-2025-06-03-164903-300x201.webp","resumo":"O Athletic anunciou nesta segunda-feira (02) a sa\u00edda do t\u00e9cnico Roger Silva, que entregou o cargo ap\u00f3s mais uma derrota na S\u00e9rie B.."},"2288377":{"titulo":"Atacante do CRB vira d\u00favida contra o Ava\u00ed pela S\u00e9rie B","link":"https:\/\/www.futebolinterior.com.br\/atacante-crb-duvida-avai\/","chapeu":"MIST\u00c9RIO","data":"03\/06\/2025","imagem":"https:\/\/images.futebolinterior.com.br\/2025\/06\/breno-herculano-duvida-crb-300x160.webp","resumo":"CRB pode n\u00e3o contar com presen\u00e7a do seu centroavante frente ao Le\u00e3o da Ilha no pr\u00f3ximo duelo pela Segundona"},"2288636":{"titulo":"Dan\u00e7a das cadeiras: seis demiss\u00f5es marcam o futebol brasileiro nas S\u00e9ries B, C e D","link":"https:\/\/www.futebolinterior.com.br\/danca-das-cadeiras-seis-demissoes-marcam-o-futebol-brasileiro-nas-series-b-c-e-d\/","chapeu":"TROCAS","data":"03\/06\/2025","imagem":"https:\/\/images.futebolinterior.com.br\/2025\/06\/IMG_0353-300x169.webp","resumo":""},"2288620":{"titulo":"Amazonas tenta atravessar Guarani, e acertar o retorno de meia-atacante","link":"https:\/\/www.futebolinterior.com.br\/amazonas-tenta-atravessar-guarani\/","chapeu":"CHAP\u00c9U?","data":"03\/06\/2025","imagem":"https:\/\/images.futebolinterior.com.br\/2025\/06\/whatsapp-image-2023-10-15-at-18.45.03-1--300x200.webp","resumo":" O Amazonas tem interesse no retorno do meia argentino Diego Torres, do Vila Nova."},"2288593":{"titulo":"Athletico-PR rescinde contrato com zagueiro \u00eddolo do clube","link":"https:\/\/www.futebolinterior.com.br\/athletico-pr-rescinde-com-idolo-doclube\/","chapeu":"FIM DE CICLO!","data":"03\/06\/2025","imagem":"https:\/\/images.futebolinterior.com.br\/2025\/06\/thiago-heleno-renovou-contrato-com-o-athletico-970x550-1-300x170.webp","resumo":"O Athletico-PR acertou nesta ter\u00e7a-feira (03), a rescis\u00e3o de contrato com o zagueiro Thiago Heleno, de 36 anos."},"2288579":{"titulo":"Am\u00e9rica-MG encaminha o retorno do t\u00e9cnico Enderson Moreira","link":"https:\/\/www.futebolinterior.com.br\/america-mg-retorno-de-enderson-moreira\/","chapeu":"DE VOLTA?","data":"03\/06\/2025","imagem":"https:\/\/images.futebolinterior.com.br\/2025\/06\/Enderson-Moreira-300x200.webp","resumo":"Um dia ap\u00f3s demitir o t\u00e9cnico William Batista, o Am\u00e9rica-MG j\u00e1 tem um novo comandante. Trata-se do treinador Enderson Moreira, que j\u00e1 trabalhou no clube em 2016."},"2288557":{"titulo":"Rossi cobra rea\u00e7\u00e3o no Paysandu ap\u00f3s nova derrota na S\u00e9rie B: \"Assumir responsabilidade\"","link":"https:\/\/www.futebolinterior.com.br\/rossi-cobra-reacao-no-paysandu\/","chapeu":"DESABAFOU","data":"03\/06\/2025","imagem":"https:\/\/images.futebolinterior.com.br\/2025\/06\/Rossi-cobra-reacao-do-Paysandu-apos-nova-derrota-na-Serie-B-300x192.webp","resumo":"Rossi concedeu entrevista firme e pediu que o elenco e toda a estrutura do clube assumam o momento de forma madura"},"2288530":{"titulo":"S\u00e9rie B: Ava\u00ed pode ter tr\u00eas retornos para duelo direto com o CRB","link":"https:\/\/www.futebolinterior.com.br\/avai-pode-ter-retornos-contra-o-crb\/","chapeu":"REFOR\u00c7ADO","data":"03\/06\/2025","imagem":"https:\/\/images.futebolinterior.com.br\/2025\/06\/Avai-pode-ter-tres-retornos-contra-o-CRB-300x181.webp","resumo":"M\u00e1rio S\u00e9rgio, que est\u00e1 em fase de transi\u00e7\u00e3o ap\u00f3s se recuperar de uma les\u00e3o no ombro, pode voltar a atuar pelo Ava\u00ed"}}