{"2450993":{"titulo":"Gr\u00eamio tem poss\u00edvel desfalque de Arthur contra o Palmeiras","link":"https:\/\/www.futebolinterior.com.br\/gremio-desfalque-arthur-palmeiras-brasileirao\/","chapeu":"DESFALQUE?","data":"30\/03\/2026","imagem":"https:\/\/images.futebolinterior.com.br\/2026\/03\/Arthur-Gremio-2026-Brasileirao-300x172.webp","resumo":"Arthur, do Gr\u00eamio, pode ficar fora do jogo contra o Palmeiras por desconforto muscular.\n"},"2450996":{"titulo":"Vasco segue embalado e ter\u00e1 casa cheia para enfrentar o Botafogo","link":"https:\/\/www.futebolinterior.com.br\/ingressos-esgotados-vasco-botafogo-brasileirao-2026\/","chapeu":"INGRESSOS","data":"30\/03\/2026","imagem":"https:\/\/images.futebolinterior.com.br\/2026\/03\/Joao-Gabriel-Alves-Vasco-2026-Brasileirao-300x168.webp","resumo":"Ingressos esgotados para Vasco x Botafogo; cl\u00e1ssico promete agitar S\u00e3o Janu\u00e1rio. \n"},"2450983":{"titulo":"Chico Lang \u00e9 demitido pela TV Gazeta ap\u00f3s 35 anos","link":"https:\/\/www.futebolinterior.com.br\/chico-lang-e-demitido-pela-tv-gazeta-apos-35-anos\/","chapeu":"O FIM !","data":"30\/03\/2026","imagem":"https:\/\/images.futebolinterior.com.br\/2026\/03\/Chico-Lang-reproducao-300x177.webp","resumo":"Chico chegou ao Grupo Gazeta ap\u00f3s cobrir a Copa do Mundo de 1990 em uma parceria entre jornais Folha da Tarde e Folha de S.Paulo"},"2450991":{"titulo":"Apresentado no Vit\u00f3ria, Ren\u00ea celebra salto da S\u00e9rie D para a elite","link":"https:\/\/www.futebolinterior.com.br\/apresentado-no-vitoria\/","chapeu":"OPORTUNIDADE","data":"30\/03\/2026","imagem":"https:\/\/images.futebolinterior.com.br\/2026\/03\/rene-e-sergio-papellin-diretor-d-300x200.webp","resumo":"Artilheiro vindo da Portuguesa destaca evolu\u00e7\u00e3o mete\u00f3rica na carreira e projeta sucesso com a camisa do Le\u00e3o na S\u00e9rie A"},"2450948":{"titulo":"Internacional analisa substituto para Vitinho em duelo com o S\u00e3o Paulo","link":"https:\/\/www.futebolinterior.com.br\/inter-substituto-vitinho-confronto-sao-paulo-brasileirao\/","chapeu":"ESCALA\u00c7\u00c3O","data":"30\/03\/2026","imagem":"https:\/\/images.futebolinterior.com.br\/2026\/03\/Vitinho-Internacinoal-RicardoDuarte-2026-300x161.webp","resumo":"Inter ajusta time sem Vitinho para enfrentar S\u00e3o Paulo. Pezzolano decide estrat\u00e9gia.\n"},"2450947":{"titulo":"Sem C\u00e1ssio, Cruzeiro confia em Matheus Cunha em momento decisivo","link":"https:\/\/www.futebolinterior.com.br\/cruzeiro-perde-cassio-e-aposta-em-matheus-cunha-no-gol\/","chapeu":"CONFIAN\u00c7A","data":"30\/03\/2026","imagem":"https:\/\/images.futebolinterior.com.br\/2026\/03\/Cruzeiro-2026-Brasileirao-300x167.webp","resumo":"Cruzeiro sofre desfalque com les\u00e3o de C\u00e1ssio e Matheus Cunha assume a titularidade do gol. \n"},"2450950":{"titulo":"Neymar desabafa sobre press\u00e3o no Brasil","link":"https:\/\/www.futebolinterior.com.br\/neymar-desabafa-sobre-pressao-no-brasil\/","chapeu":"CANSADO","data":"30\/03\/2026","imagem":"https:\/\/images.futebolinterior.com.br\/2026\/03\/1NpWCMqk-Neymar-Santos-2026-Brasileirao-RaulBaretta-300x170.webp","resumo":"\"Eu estou h\u00e1 mais de 20 anos nessa da\u00ed. \u00c9 um pouco do pre\u00e7o, assim, ser jogador, sabe? \u00c9 dif\u00edcil. \u00c9 dif\u00edcil porque o Brasil \u00e9 muito massacrante\", complementou"},"2450946":{"titulo":"Fluminense pode ter volta de Bernal ap\u00f3s les\u00e3o no joelho","link":"https:\/\/www.futebolinterior.com.br\/bernal-retorno-fluminense-lesao-recuperacao-treinamento\/","chapeu":"RETORNO","data":"30\/03\/2026","imagem":"https:\/\/images.futebolinterior.com.br\/2026\/03\/MarceloGoncalves-Fluminense-2026-Bernal-300x153.webp","resumo":"Bernal avan\u00e7a na recupera\u00e7\u00e3o e est\u00e1 perto de voltar aos treinos no Fluminense.\n"},"2450949":{"titulo":"Palmeiras faz ajustes para enfrentar o Gr\u00eamio","link":"https:\/\/www.futebolinterior.com.br\/paulinho-treina-curinga-palmeiras-recuperacao-fisica-retorno\/","chapeu":"PREPARA\u00c7\u00c3O","data":"30\/03\/2026","imagem":"https:\/\/images.futebolinterior.com.br\/2026\/03\/Paulinho-CesarGreco-Palmeiras-300x177.webp","resumo":"Paulinho participa de treino como curinga no Palmeiras e avan\u00e7a na recupera\u00e7\u00e3o f\u00edsica para retorno ao time.\n"},"2450902":{"titulo":"Santos conta com retorno de lateral para duelo contra o Remo","link":"https:\/\/www.futebolinterior.com.br\/santos-se-prepara-com-escobar-para-enfrentar-o-remo\/","chapeu":" TREINOS","data":"30\/03\/2026","imagem":"https:\/\/images.futebolinterior.com.br\/2026\/03\/Escobar-RaulBaretta-Santos-300x168.webp","resumo":"Escobar retorna aos treinos do Santos e deve jogar contra o Remo.\n"}}