{"2451404":{"titulo":"Corinthians conta com retorno de goleiro contra o Fluminense","link":"https:\/\/www.futebolinterior.com.br\/felipe-longo-volta-corinthians-contra-fluminense-brasileirao\/","chapeu":"DE VOLTA","data":"31\/03\/2026","imagem":"https:\/\/images.futebolinterior.com.br\/2026\/03\/Corinthians-2206-Brasileirao-Fluminense-300x162.webp","resumo":"Felipe Longo retorna ao Corinthians ap\u00f3s 40 dias e pode ser titular contra o Fluminense no Maracan\u00e3 pela nona rodada do Brasileir\u00e3o.\n"},"2451378":{"titulo":"Fluminense-RJ x Corinthians - Onde assistir, hor\u00e1rio e escala\u00e7\u00f5es","link":"https:\/\/www.futebolinterior.com.br\/fluminense-e-corinthians-brasileirao\/","chapeu":"JOG\u00c3O","data":"31\/03\/2026","imagem":"https:\/\/images.futebolinterior.com.br\/2026\/03\/FLUMINENSE-X-CORINTHIANS-300x131.webp","resumo":"Saiba como chegam Fluminense-RJ e Corinthians para a nona rodada do Campeonato Brasileiro"},"2451368":{"titulo":"Gabriel Jesus faz juras de amor ao Palmeiras","link":"https:\/\/www.futebolinterior.com.br\/gabriel-jesus-faz-juras-de-amor-ao-palmeiras\/","chapeu":"AL\u00d4, M\u00c3E!","data":"31\/03\/2026","imagem":"https:\/\/images.futebolinterior.com.br\/2026\/03\/Screenshot_895-300x210.webp","resumo":"Na Europa desde 2016 e pouco utilizado por Mikel Arteta, Jesus sonha com o retorno ao Verd\u00e3o"},"2451327":{"titulo":"Coritiba-PR x Vasco-RJ - Onde assistir, hor\u00e1rio e escala\u00e7\u00f5es","link":"https:\/\/www.futebolinterior.com.br\/coritiba-pr-x-vasco-rj-onde-assistir-horario-e-escalacoes\/","chapeu":"DUELO","data":"31\/03\/2026","imagem":"https:\/\/images.futebolinterior.com.br\/2026\/03\/vasco-brasileirao-2026-300x169.webp","resumo":"Saiba como chegam Coritiba e Vasco para a nona rodada do Brasileir\u00e3o"},"2451314":{"titulo":"Botafogo-RJ x Mirassol - Onde assistir, hor\u00e1rio e escala\u00e7\u00f5es","link":"https:\/\/www.futebolinterior.com.br\/botafogo-rj-x-mirassol-onde-assistir-horario-e-escalacoes\/","chapeu":"PRESSIONADOS","data":"31\/03\/2026","imagem":"https:\/\/images.futebolinterior.com.br\/2026\/02\/Botafogo-300x141.webp","resumo":"Saiba como chegam Botafogo-RJ e Mirassol para a nona rodada do Brasileir\u00e3o"},"2451215":{"titulo":"Fernando Diniz chama a aten\u00e7\u00e3o da diretoria do Botafogo-RJ","link":"https:\/\/www.futebolinterior.com.br\/fernando-diniz-chama-a-atencao-da-diretoria-do-botafogo-rj\/","chapeu":"INTERESSE","data":"31\/03\/2026","imagem":"https:\/\/images.futebolinterior.com.br\/2025\/09\/DcOCUH2q-Fernando-Diniz-300x136.webp","resumo":"Botafogo monitora o mercado em busca de um novo treinador e avalia a contrata\u00e7\u00e3o de Fernando Diniz, livre no mercado"},"2451090":{"titulo":"Botafogo reduz lista e se aproxima de definir novo t\u00e9cnico","link":"https:\/\/www.futebolinterior.com.br\/botafogo-acelera-escolha-tecnico-enfrentar-mirassol\/","chapeu":"NEGOCIANDO","data":"30\/03\/2026","imagem":"https:\/\/images.futebolinterior.com.br\/2026\/03\/FranklinCarvalho-Botafogo-VitorSilva-2026-Brasileirao-300x168.webp","resumo":"Botafogo reduz lista de treinadores e foca em Franclim Carvalho.\n"},"2451092":{"titulo":"\u00cddolo do Flamengo, Zico ganha document\u00e1rio sobre sua hist\u00f3ria","link":"https:\/\/www.futebolinterior.com.br\/documentario-zico-historias-ineditas-estreia-abril\/","chapeu":" ESTREIA","data":"30\/03\/2026","imagem":"https:\/\/images.futebolinterior.com.br\/2026\/03\/Zico-Flamengo-2026-Brasileirao-300x189.webp","resumo":"Zico lan\u00e7a document\u00e1rio que revela sua trajet\u00f3ria al\u00e9m dos gols. Estreia dia 30 de abril."},"2451061":{"titulo":"Corinthians faz ajustes e mira confronto contra o Fluminense","link":"https:\/\/www.futebolinterior.com.br\/corinthians-treina-para-duelo-decisivo-contra-o-fluminense\/","chapeu":"PREPARA\u00c7\u00c3O","data":"30\/03\/2026","imagem":"https:\/\/images.futebolinterior.com.br\/2026\/03\/Corinthians-2206-Brasileirao-Fluminense-Lingard-TVCorinthians-300x159.webp","resumo":"Corinthians realiza treino t\u00e1tico no CT Joaquim Grava antes de enfrentar o Fluminense no Maracan\u00e3.\n"},"2451074":{"titulo":"Ansiedade: Ex-Corinthians revela batalha contra o transtorno","link":"https:\/\/www.futebolinterior.com.br\/ex-corinthians-ansiedade\/","chapeu":"SUPERA\u00c7\u00c3O","data":"30\/03\/2026","imagem":"https:\/\/images.futebolinterior.com.br\/2026\/03\/2703-20576-300x200.webp","resumo":"Volante do Crici\u00fama relembra per\u00edodo dif\u00edcil no Botafogo, diagn\u00f3stico cl\u00ednico e a import\u00e2ncia do suporte profissional para retomar a carreira"}}