{"2450901":{"titulo":"S\u00e3o Paulo: Artur relembra parceria com Roger Machado e projeta estreia","link":"https:\/\/www.futebolinterior.com.br\/artur-apresentacao-sao-paulo-roger-machado-reforco\/","chapeu":" REFOR\u00c7O","data":"30\/03\/2026","imagem":"https:\/\/images.futebolinterior.com.br\/2026\/03\/Artur-RogerMachado-2026-Brasileirao-SaoPaulo-300x177.webp","resumo":"Artur \u00e9 apresentado no S\u00e3o Paulo e destaca influ\u00eancia de Roger Machado em sua chegada ao Tricolor.\n"},"2450900":{"titulo":"Botafogo: Marlon Freitas pede desculpas ap\u00f3s pol\u00eamica e explica sa\u00edda","link":"https:\/\/www.futebolinterior.com.br\/marlon-freitas-explica-saida-botafogo-e-pede-desculpas\/","chapeu":"TRANSFER\u00caNCIA","data":"30\/03\/2026","imagem":"https:\/\/images.futebolinterior.com.br\/2026\/03\/MarlonFreitas-2026-Brasileirao-300x156.webp","resumo":"Marlon Freitas fala sobre erros e bastidores de sua transfer\u00eancia para o Palmeiras.\n"},"2450903":{"titulo":"Santos reencontra o Remo ap\u00f3s 16 anos e revive show de Neymar","link":"https:\/\/www.futebolinterior.com.br\/santos-goleia-remo-copa-brasil-2010-show-neymar\/","chapeu":"RECORDA\u00c7\u00c3O","data":"30\/03\/2026","imagem":"https:\/\/images.futebolinterior.com.br\/2026\/03\/1NpWCMqk-Neymar-Santos-2026-Brasileirao-RaulBaretta-300x170.webp","resumo":"Relembre a goleada do Santos sobre o Remo por 4 a 0 na Copa do Brasil 2010, com destaque para Neymar.\n"},"2450867":{"titulo":"Carrascal deve refor\u00e7ar o Flamengo-RJ ap\u00f3s defender a Col\u00f4mbia","link":"https:\/\/www.futebolinterior.com.br\/carrascal-deve-reforcar-o-flamengo-rj-apos-defender-a-colombia\/","chapeu":"DE VOLTA","data":"30\/03\/2026","imagem":"https:\/\/images.futebolinterior.com.br\/2025\/12\/Carrascal-300x143.webp","resumo":"Depois de vestir as cores da sele\u00e7\u00e3o colombiana na Data Fifa, Jorge Carrascal deve retornar ao Rio de Janeiro nesta ter\u00e7a-feira"},"2450753":{"titulo":"Comiss\u00e3o de \u00c9tica do S\u00e3o Paulo pede expuls\u00e3o de conselheiros","link":"https:\/\/www.futebolinterior.com.br\/comissao-de-etica-do-sao-paulo-pede-expulsao-de-conselheiros\/","chapeu":"DEN\u00daNCIA","data":"30\/03\/2026","imagem":"https:\/\/images.futebolinterior.com.br\/2026\/03\/Rubens-Chiri-Sao-Paulo-Morumbis-2026-300x156.webp","resumo":"O pedido ser\u00e1 avaliado pelo Conselho Deliberativo do clube, que tem 30 dias para convocar uma vota\u00e7\u00e3o para a exclus\u00e3o da dupla"},"2450840":{"titulo":"Amigo de Rodrigo Caetano, Jos\u00e9 Luiz Soares atua como descobridor de talentos","link":"https:\/\/www.futebolinterior.com.br\/amigo-de-rodrigo-caetano-jose-luiz-soares-atua-como-descobridor-de-talentos\/","chapeu":"EXPERIENTE","data":"30\/03\/2026","imagem":"https:\/\/images.futebolinterior.com.br\/2026\/03\/Jose-Luiz-Soares-300x130.webp","resumo":"Jos\u00e9 Luiz Soares coloca em pr\u00e1tica toda a sua experi\u00eancia adquirida nas quatro linhas, agora como descobridor de talentos e com olhos cl\u00ednicos"},"2450802":{"titulo":"Mirassol usa semana livre para ajustar time antes de jogos","link":"https:\/\/www.futebolinterior.com.br\/mirassol-ultima-semana-de-treinos\/","chapeu":"DE VOLTA","data":"30\/03\/2026","imagem":"https:\/\/images.futebolinterior.com.br\/2026\/02\/Mirassol-2026-Brasileirao-Paulistao-300x167.webp","resumo":" Antes de enfrentar uma s\u00e9rie de compromissos nas pr\u00f3ximas semanas, o Mirassol utiliza os \u00faltimos dias de calend\u00e1rio livre para intensificar a prepara\u00e7\u00e3o do elenco"},"2450688":{"titulo":"Corinthians avalia nova proposta do Milan por Andr\u00e9","link":"https:\/\/www.futebolinterior.com.br\/corinthians-avalia-nova-proposta-do-milan-por-andre\/","chapeu":"NA MESA","data":"30\/03\/2026","imagem":"https:\/\/images.futebolinterior.com.br\/2026\/03\/ANDRE-CORINTHIANS-300x139.webp","resumo":"Proposta italiana foi apresentada ao Corinthians no in\u00edcio da semana passada, mas ainda n\u00e3o recebeu resposta definitiva"},"2450596":{"titulo":"PLACAR FI: Com Brasileir\u00e3o, confira os RESULTADOS deste DOMINGO","link":"https:\/\/www.futebolinterior.com.br\/confira-o-placar-fi-deste-domingo-43\/","chapeu":"COMPLET\u00c3O","data":"29\/03\/2026","imagem":"https:\/\/images.futebolinterior.com.br\/2026\/03\/Hxz95y9k-image-300x167.webp","resumo":"Claro, o Placar ao Vivo do\u00a0Portal Futebol Interior\u00a0acompanhou todos os jogos e traz para voc\u00ea a lista com todos os resultados. Confira!"},"2450551":{"titulo":"Artur exalta companheiros e torcida na chegada ao S\u00e3o Paulo","link":"https:\/\/www.futebolinterior.com.br\/artur-exalta-companheiros-e-torcida-na-chegada-ao-sao-paulo\/","chapeu":"CHEGOU!","data":"29\/03\/2026","imagem":"https:\/\/images.futebolinterior.com.br\/2026\/03\/Captura-de-Tela-2026-03-29-as-22.16.06-300x234.webp","resumo":"Na chegada ao gigante paulista, o jogador destacou a presen\u00e7a de antigos companheiros e elogiou a torcida s\u00e3o-paulina"}}