{"2451534":{"titulo":"Corinthians: Breno Bidon obt\u00e9m cidadania italiana e mira Europa","link":"https:\/\/www.futebolinterior.com.br\/breno-bidon-corinthians-cidadania-italiana-jogador-europeu\/","chapeu":"NO RADAR","data":"31\/03\/2026","imagem":"https:\/\/images.futebolinterior.com.br\/2026\/03\/Bidon-RodrigoCoca-Brasileirao-2026-300x179.webp","resumo":"Breno Bidon, meio-campista do Corinthians, agora \u00e9 cidad\u00e3o italiano, ampliando suas chances de transfer\u00eancia para clubes europeus na pr\u00f3xima janela.\n"},"2451529":{"titulo":"Internacional x S\u00e3o Paulo - Onde assistir, arbitragem e escala\u00e7\u00f5es","link":"https:\/\/www.futebolinterior.com.br\/internacional-sao-paulo-brasileirao-rodada9\/","chapeu":"BRASILEIR\u00c3O","data":"31\/03\/2026","imagem":"https:\/\/images.futebolinterior.com.br\/2026\/03\/RciardoDuarte-Internacional-2026-Brasileirao-300x153.webp","resumo":"S\u00e3o Paulo enfrenta o Internacional fora de casa e pode voltar \u00e0 lideran\u00e7a do Brasileir\u00e3o."},"2451481":{"titulo":"Bahia x Athletico-PR - Onde assistir, arbitragem e escala\u00e7\u00f5es","link":"https:\/\/www.futebolinterior.com.br\/bahia-athletico-pr-brasileirao-rodada9\/","chapeu":"DUELO","data":"31\/03\/2026","imagem":"https:\/\/images.futebolinterior.com.br\/2026\/03\/Bahia-2026-Brasileirao-LeticiaMartins-300x161.webp","resumo":"Athletico-PR e Bahia se enfrentam na Arena Fonte Nova de olho nas primeiras posi\u00e7\u00f5es do Brasileir\u00e3o."},"2451437":{"titulo":"Cruzeiro encara maratona de 18 jogos entre abril e maio","link":"https:\/\/www.futebolinterior.com.br\/cruzeiro-maratona-de-18-jogos-em-dois-meses\/","chapeu":"DESAFIOS","data":"31\/03\/2026","imagem":"https:\/\/images.futebolinterior.com.br\/2026\/03\/GustavoMartins-Cruzeiro-2026-Brasileirao-ArturJorge-300x188.webp","resumo":"Artur Jorge inicia jornada no Cruzeiro com 18 jogos em 2 meses, incluindo Brasileir\u00e3o, Libertadores e Copa do Brasil. Desafios \u00e0 vista para o t\u00e9cnico portugu\u00eas.\n"},"2451438":{"titulo":"Palmeiras busca zagueiro canhoto e avalia op\u00e7\u00f5es no mercado","link":"https:\/\/www.futebolinterior.com.br\/palmeiras-busca-zagueiro-canhoto-reforco-defesa\/","chapeu":"NEGOCIA\u00c7\u00d5ES","data":"31\/03\/2026","imagem":"https:\/\/images.futebolinterior.com.br\/2026\/03\/AbelFerreira-Palmeiras-2026-Brasileirao-300x206.webp","resumo":"Palmeiras foca em Nino, mas tamb\u00e9m avalia Facundo Medina e Igor Julio para refor\u00e7ar a zaga com zagueiros canhotos. Saiba mais sobre as negocia\u00e7\u00f5es.\n"},"2451435":{"titulo":"Atl\u00e9tico-MG sinaliza compra de Ruan Tressoldi","link":"https:\/\/www.futebolinterior.com.br\/atletico-mg-compra-ruan-tressoldi-zagueiro-destaque\/","chapeu":"CONTRATA\u00c7\u00c3O","data":"31\/03\/2026","imagem":"https:\/\/images.futebolinterior.com.br\/2026\/03\/RuanTressoldi-Atletico-MG-2026-Brasileirao-300x172.webp","resumo":"Atl\u00e9tico-MG planeja adquirir Ruan Tressoldi por 3,5 milh\u00f5es de euros. Zagueiro se destacou e \u00e9 pe\u00e7a-chave no elenco alvinegro.\n"},"2451460":{"titulo":"Cruzeiro x Vit\u00f3ria - Onde assistir, arbitragem e escala\u00e7\u00f5es","link":"https:\/\/www.futebolinterior.com.br\/cruzeiro-vitoria-estreia-artur-jorge-brasileirao\/","chapeu":"BRASILEIR\u00c3O","data":"31\/03\/2026","imagem":"https:\/\/images.futebolinterior.com.br\/2026\/03\/GustavoAleixo-Cruzeiro-2026-Vitoria-300x166.webp","resumo":"Lanterna do Brasileir\u00e3o, Cruzeiro enfrenta o Vit\u00f3ria na estreia de Artur Jorge no comando da equipe."},"2451434":{"titulo":"Arena do Gr\u00eamio ganha cores do Tricolor na arquibancada","link":"https:\/\/www.futebolinterior.com.br\/arena-gremio-cores-tricolor-arquibancada\/","chapeu":" REFORMA","data":"31\/03\/2026","imagem":"https:\/\/images.futebolinterior.com.br\/2026\/03\/Gremio-Brasileirao-2026-Arena-300x190.webp","resumo":"Arquibancada norte da Arena do Gr\u00eamio recebe pintura tricolor para jogo contra o Remo, unindo profissionais e volunt\u00e1rios em projeto emocionante.\n"},"2451436":{"titulo":"Flamengo descarta negociar Plata ap\u00f3s pol\u00eamica interna","link":"https:\/\/www.futebolinterior.com.br\/flamengo-descarta-negociar-plata-apos-polemica-interna\/","chapeu":"CLIM\u00c3O","data":"31\/03\/2026","imagem":"https:\/\/images.futebolinterior.com.br\/2026\/03\/Plata-GilvandeSouza-2026-Brasileirao-300x170.webp","resumo":"Presidente do Flamengo afirma que n\u00e3o h\u00e1 inten\u00e7\u00e3o de negociar Plata ap\u00f3s desentendimentos. O atacante est\u00e1 com a sele\u00e7\u00e3o equatoriana na Data Fifa.\n"},"2451430":{"titulo":"Negrucci renova at\u00e9 2029 no profissional do S\u00e3o Paulo","link":"https:\/\/www.futebolinterior.com.br\/negrucci-renova-ate-2029-no-sao-paulo\/","chapeu":"JOIA","data":"31\/03\/2026","imagem":"https:\/\/images.futebolinterior.com.br\/2026\/03\/image-300x297.webp","resumo":"Com somente 21 anos, o volante que \u00e9 utilizado como exemplo de dedica\u00e7\u00e3o nas categorias de base, na qual come\u00e7ou aos 10 anos, integra o elenco profissional de Roger Machado e j\u00e1 \u00e9 lapidado para ser mais uma revela\u00e7\u00e3o de destaque do S\u00e3o Paulo"}}