{"2452015":{"titulo":"Palmeiras: Abel Ferreira faz ajustes para encarar o Gr\u00eamio","link":"https:\/\/www.futebolinterior.com.br\/arias-volta-palmeiras-encarar-gremio-novidades\/","chapeu":"PREPARA\u00c7\u00c3O","data":"01\/04\/2026","imagem":"https:\/\/images.futebolinterior.com.br\/2026\/04\/Palmeiras-CesarGreco-Brasileirao-2026-300x169.webp","resumo":"Jhon Arias retorna ao Palmeiras e \u00e9 esperado como titular contra o Gr\u00eamio. Confira as novidades do Verd\u00e3o!"},"2452013":{"titulo":"Botafogo aguarda Franclim Carvalho desembarcar no Rio","link":"https:\/\/www.futebolinterior.com.br\/botafogo-contrata-franclim-carvalho-novo-tecnico\/","chapeu":"VEM A\u00cd","data":"01\/04\/2026","imagem":"https:\/\/images.futebolinterior.com.br\/2026\/03\/FranklinCarvalho-Botafogo-VitorSilva-2026-Brasileirao-300x168.webp","resumo":"Franclim Carvalho assume o Botafogo at\u00e9 2027, ap\u00f3s passagem pelo Belenenses.\n"},"2452012":{"titulo":"Chapecoense encara o Atl\u00e9tico-MG tentando se afastar do Z-4","link":"https:\/\/www.futebolinterior.com.br\/chapecoense-recuperacao-serie-a-atletico-mg-arena-conda\/","chapeu":"FOCO TOTAL","data":"01\/04\/2026","imagem":"https:\/\/images.futebolinterior.com.br\/2026\/04\/Chapecoense-2026-DalPozzo-Brasileirao-300x165.webp","resumo":"Chapecoense intensifica treinos e t\u00e9cnico Dal Pozzo confia na perman\u00eancia na S\u00e9rie A antes do duelo contra o Atl\u00e9tico-MG na Arena Cond\u00e1.\n"},"2452016":{"titulo":"S\u00e3o Paulo pode ter estreia de Artur como titular contra o Internacional","link":"https:\/\/www.futebolinterior.com.br\/sao-paulo-aposta-em-artur-como-titular-contra-o-inter\/","chapeu":"ESCALA\u00c7\u00c3O","data":"01\/04\/2026","imagem":"https:\/\/images.futebolinterior.com.br\/2026\/04\/Arthur-SaoPaulo-2026-Brasileirao-300x174.webp","resumo":"Artur estreia como titular do S\u00e3o Paulo em duelo contra o Inter, ocupando a vaga de Cauly no Brasileir\u00e3o."},"2451921":{"titulo":"David Braga comenta estreia e projeta duelo na Vila","link":"https:\/\/www.futebolinterior.com.br\/david-braga-comenta-estreia-e-projeta-duelo-na-vila\/","chapeu":"","data":"01\/04\/2026","imagem":"https:\/\/images.futebolinterior.com.br\/2026\/04\/David-Braga-300x237.webp","resumo":"O Le\u00e3o Azul volta a campo nesta quinta-feira (2), \u00e0s 19h, contra o Santos, na Vila Belmiro, pela nona rodada do Brasileir\u00e3o"},"2451838":{"titulo":"Chapecoense-SC x Atl\u00e9tico-MG - Onde assistir, hor\u00e1rio e escala\u00e7\u00f5es","link":"https:\/\/www.futebolinterior.com.br\/chapecoense-sc-x-atletico-mg-onde-assistir-horario-e-escalacoes\/","chapeu":"DUELO","data":"01\/04\/2026","imagem":"https:\/\/images.futebolinterior.com.br\/2025\/12\/ATLETICO-MG-300x129.webp","resumo":"Saiba como chegam Chapecoense e Atl\u00e9tico-MG para a nona rodada do Brasileir\u00e3o"},"2451856":{"titulo":"Matheus Fernandes projeta duelo contra o Flamengo","link":"https:\/\/www.futebolinterior.com.br\/matheus-fernandes-projeta-duelo-contra-o-flamengo\/","chapeu":"ATEN\u00c7\u00c3O","data":"01\/04\/2026","imagem":"https:\/\/images.futebolinterior.com.br\/2026\/04\/Matheus-Fernandes-Red-Bull-Bragantino-300x225.avif","resumo":"\"\u00c9 uma equipe de alto n\u00edvel, mas futebol \u00e9 decidido em erros. Eles tamb\u00e9m est\u00e3o sujeitos a isso. A gente precisa estar atento para n\u00e3o errar e aproveitar as oportunidades\""},"2451860":{"titulo":"Palmeiras x Gr\u00eamio - Onde assistir e escala\u00e7\u00f5es!\u00a0","link":"https:\/\/www.futebolinterior.com.br\/palmeiras-x-gremio-onde-assistir-seriea\/","chapeu":"JOG\u00c3O","data":"01\/04\/2026","imagem":"https:\/\/images.futebolinterior.com.br\/2026\/04\/25112025_cg_palmeiras_1482_45-300x169.webp","resumo":"Nesta quinta-feira (2), \u00e0s 21h30, l\u00edder Palmeiras recebe o Gr\u00eamio no Allianz Parque, pela 9\u00aa rodada do Brasileir\u00e3o."},"2451835":{"titulo":"BRASILEIR\u00c3O: Quinta tem press\u00e3o, crise e briga pela lideran\u00e7a","link":"https:\/\/www.futebolinterior.com.br\/brasileirao-quinta-tem-pressao-crise-e-briga-pela-lideranca\/","chapeu":"DESTAQUE ","data":"01\/04\/2026","imagem":"https:\/\/images.futebolinterior.com.br\/2026\/04\/IMG_1460-300x197.webp","resumo":""},"2451799":{"titulo":"Volta Redonda-RJ contrata atacante que estava no futebol japon\u00eas","link":"https:\/\/www.futebolinterior.com.br\/volta-redonda-rj-contrata-atacante-que-estava-no-futebol-japones\/","chapeu":"FECHADO","data":"01\/04\/2026","imagem":"https:\/\/images.futebolinterior.com.br\/2026\/04\/Rafael-Furtado-300x147.webp","resumo":"Volta Redonda-RJ confirma acerto com Rafael Furtado, atacante que defendeu o SC Sagamihara na \u00faltima temporada"}}