{"2454649":{"titulo":"Weverton evita derrota, mas Gr\u00eamio vive jejum no Brasileir\u00e3o","link":"https:\/\/www.futebolinterior.com.br\/goleiro-weverton-brilha-em-gremio-0-a-0-remo\/","chapeu":"SEM VIT\u00d3RIA","data":"06\/04\/2026","imagem":"https:\/\/images.futebolinterior.com.br\/2026\/04\/weverton-Gremio-2026-Brasileirao-300x164.webp","resumo":"Gr\u00eamio empata com Remo em casa, terceiro jogo sem vit\u00f3ria. Weverton brilha com defesas cruciais, incluindo p\u00eanalti. Torcida pressiona por resultados melhores.\n"},"2454657":{"titulo":"Vasco: Renato cobra evolu\u00e7\u00e3o de colombianos ap\u00f3s derrota","link":"https:\/\/www.futebolinterior.com.br\/renato-critica-adaptacao-colombianos-vasco-derrota-botafogo\/","chapeu":"DERROTA","data":"06\/04\/2026","imagem":"https:\/\/images.futebolinterior.com.br\/2026\/03\/MatheusLima-Vasco-2026-RenatoGaucho-300x186.webp","resumo":"Renato Ga\u00facho destaca dificuldades t\u00e1ticas de colombianos no Vasco ap\u00f3s derrota por 2 a 1 para o Botafogo em S\u00e3o Janu\u00e1rio.\n"},"2454654":{"titulo":"Walace \u00e9 cortado do Cruzeiro na Libertadores ap\u00f3s mensagem","link":"https:\/\/www.futebolinterior.com.br\/walace-cortado-do-cruzeiro-libertadores\/","chapeu":"POL\u00caMICA","data":"06\/04\/2026","imagem":"https:\/\/images.futebolinterior.com.br\/2026\/04\/image-300x181.webp","resumo":"O Cruzeiro viajou direto de S\u00e3o Paulo para Guayaquil, no Equador, onde estreia diante do Barcelona na Libertadores na ter\u00e7a-feira. Mas o volante Walace acabou cortado da delega\u00e7\u00e3o e voltado para Belo Horizonte ap\u00f3s usar um aplicativo de mensagens para criticar um companheiro"},"2455020":{"titulo":"Chapecoense acerta contrata\u00e7\u00e3o de t\u00e9cnico ex-Portuguesa para a sequ\u00eancia do Brasileir\u00e3o","link":"https:\/\/www.futebolinterior.com.br\/chapecoense-acerta-treinador-portuguesa\/","chapeu":"NOVIDADE","data":"06\/04\/2026","imagem":"https:\/\/images.futebolinterior.com.br\/2026\/04\/13CcTV6O-image-300x225.webp","resumo":"A sa\u00edda da Portuguesa foi confirmada no domingo. Em um primeiro momento, o clube paulista informou que a decis\u00e3o ocorreu ap\u00f3s o avan\u00e7o das tratativas do t\u00e9cnico "},"2454635":{"titulo":"Paulinho e Vitor Roque participam de treino do Palmeiras","link":"https:\/\/www.futebolinterior.com.br\/paulinho-e-vitor-roque-participam-de-treino-do-palmeiras\/","chapeu":"VOLTANDO","data":"06\/04\/2026","imagem":"https:\/\/images.futebolinterior.com.br\/2026\/03\/Paulinho-CesarGreco-Palmeiras-300x177.webp","resumo":"Paulinho, por\u00e9m, segue na fase avan\u00e7ada de recondicionamento f\u00edsico e j\u00e1 realiza algumas atividades com o elenco"},"2454623":{"titulo":"Dorival cita t\u00edtulos em adeus ao Corinthians: 'Ganhamos no pior momento'","link":"https:\/\/www.futebolinterior.com.br\/dorival-cita-titulos-em-adeus-ao-corinthians-ganhamos-no-pior-momento\/","chapeu":"DESPEDIDA","data":"06\/04\/2026","imagem":"https:\/\/images.futebolinterior.com.br\/2025\/05\/Dorival-Junior-300x133.webp","resumo":"Dorival exaltou a revela\u00e7\u00e3o de jovens talentos e mostrou confian\u00e7a de que \u00e9 elenco ainda pode brigar por conquistas"},"2454597":{"titulo":"Sele\u00e7\u00e3o FI da 10\u00aa rodada do Brasileir\u00e3o chega com trio do S\u00e3o Paulo","link":"https:\/\/www.futebolinterior.com.br\/selecao-fi-da-10a-rodada-do-brasileirao-chega-com-trio-do-sao-paulo\/","chapeu":"CONFIRA","data":"06\/04\/2026","imagem":"https:\/\/images.futebolinterior.com.br\/2026\/04\/Ferreira-300x141.webp","resumo":"Competi\u00e7\u00e3o \u00e9 organizada pela Confedera\u00e7\u00e3o Brasileira de Futebol (CBF) e tem a cobertura completa do Portal FUTEBOL INTERIOR"},"2454583":{"titulo":"Diretor de futebol detona o sumi\u00e7o de Arboleda no S\u00e3o Paulo","link":"https:\/\/www.futebolinterior.com.br\/detona-o-sumico-de-arboleda-sao-paulo\/","chapeu":"POLEMICA","data":"06\/04\/2026","imagem":"https:\/\/images.futebolinterior.com.br\/2026\/04\/mWn7Qodu-image-300x200.webp","resumo":"Jogador h\u00e1 mais tempo no elenco do S\u00e3o Paulo e com contrato at\u00e9 o fim de 2027, quando completaria 10 anos de casa, o zagueiro Arboleda est\u00e1 'desaparecido' desde o fim de semana no clube. Para a diretoria, o sumi\u00e7o repentino com poss\u00edvel troca do n\u00famero de celular \u00e9 \"uma falta de respeito."},"2454562":{"titulo":"Corinthians acerta contrata\u00e7\u00e3o de Fernando Diniz","link":"https:\/\/www.futebolinterior.com.br\/corinthians-conversas-fernando-diniz\/","chapeu":"CHEGADA","data":"06\/04\/2026","imagem":"https:\/\/images.futebolinterior.com.br\/2026\/04\/image-300x240.webp","resumo":"Antes de ser treinador, Diniz chegou a defender a camisa do Tim\u00e3o como jogador"},"2454485":{"titulo":"Brasileir\u00e3o mant\u00e9m m\u00e9dia com 10\u00ba t\u00e9cnico demitido ap\u00f3s 10 rodadas","link":"https:\/\/www.futebolinterior.com.br\/brasileirao-mantem-media-com-10o-tecnico-demitido-apos-10-rodadas\/","chapeu":"MAIS UM","data":"06\/04\/2026","imagem":"https:\/\/images.futebolinterior.com.br\/2025\/11\/dorival-300x134.webp","resumo":"Entre os treinadores demitidos, tr\u00eas comandaram a sele\u00e7\u00e3o brasileira em ciclos anteriores"}}