{"2454478":{"titulo":"Quem ser\u00e1 o pr\u00f3ximo t\u00e9cnico do Corinthians? Veja os nomes","link":"https:\/\/www.futebolinterior.com.br\/quem-sera-o-proximo-tecnico-do-corinthians-veja-os-nomes\/","chapeu":"OPA!","data":"06\/04\/2026","imagem":"https:\/\/images.futebolinterior.com.br\/2026\/04\/tite-corinthians-300x169.webp","resumo":"O resultado ampliou a sequ\u00eancia negativa da equipe, que j\u00e1 acumulava nove jogos sem vit\u00f3ria na temporada"},"2454458":{"titulo":"Fatores que pesaram na queda de Dorival do Corinthians 64 dias ap\u00f3s t\u00edtulo","link":"https:\/\/www.futebolinterior.com.br\/fatores-que-pesaram-na-queda-de-dorival-do-corinthians-64-dias-apos-titulo\/","chapeu":"SE LIGA!","data":"06\/04\/2026","imagem":"https:\/\/images.futebolinterior.com.br\/2026\/04\/dorival-corinthians-300x200.webp","resumo":"O rev\u00e9s em casa, na Neo Qu\u00edmica Arena, foi a gota d'\u00e1gua para a sa\u00edda do treinador"},"2454439":{"titulo":"Mart\u00ednez ataca Dorival ap\u00f3s Corinthians demitir o treinador","link":"https:\/\/www.futebolinterior.com.br\/martinez-ataca-dorival-apos-demissao\/","chapeu":"POL\u00caMICA","data":"06\/04\/2026","imagem":"https:\/\/images.futebolinterior.com.br\/2026\/04\/MARTINEZ-ATACA-DORIVAL-APOS-DEMISSAO-300x168.webp","resumo":"Mart\u00ednez teve o contrato rescindido pelo Corinthians depois de se reapresentar com 35 dias de atraso"},"2454429":{"titulo":"Abel Ferreira, do Palmeiras, reclama de calend\u00e1rio do futebol brasileiro","link":"https:\/\/www.futebolinterior.com.br\/abel-ferreira-do-palmeiras-reclama-de-calendario-do-futebol-brasileiro\/","chapeu":"DE NOVO!","data":"06\/04\/2026","imagem":"https:\/\/images.futebolinterior.com.br\/2026\/04\/abel-ferreira-300x180.webp","resumo":"Para o treinador, \u00e9 necess\u00e1rio oferecer condi\u00e7\u00f5es para que os jogadores possam atuar com intensidade"},"2454398":{"titulo":"PLACAR FI: Com Semifinalistas do Paulist\u00e3o A3 Rivalo, confira os RESULTADOS deste DOMINGO","link":"https:\/\/www.futebolinterior.com.br\/confira-o-placar-fi-deste-domingo-44\/","chapeu":"COMPLET\u00c3O","data":"05\/04\/2026","imagem":"https:\/\/images.futebolinterior.com.br\/2026\/04\/C0GDfoAf-image-300x229.webp","resumo":"Claro, o Placar ao Vivo do\u00a0Portal Futebol Interior\u00a0acompanhou todos os jogos e traz para voc\u00ea a lista com todos os resultados. Confira!"},"2454413":{"titulo":"Corinthians demite Dorival J\u00fanior \u00e0s v\u00e9speras da Libertadores","link":"https:\/\/www.futebolinterior.com.br\/corinthians-demite-dorival-junior-as-vesperas-da-libertadores\/","chapeu":"CAIU!","data":"05\/04\/2026","imagem":"https:\/\/images.futebolinterior.com.br\/2026\/04\/Dorival-Junior-assume-ma-fase-do-corinthians-1-300x168.webp","resumo":"Corinthians anuncia sa\u00edda de Dorival J\u00fanior ap\u00f3s derrota para o Internacional. William Batista assume interinamente antes da estreia na Libertadores. Confira."},"2454363":{"titulo":"Zagueiro do Bahia reclama de arbitragem: 'Nos roubou na nossa casa'","link":"https:\/\/www.futebolinterior.com.br\/jogadores-bahia-reclamam-arbitragem\/","chapeu":"NA BRONCA","data":"05\/04\/2026","imagem":"https:\/\/images.futebolinterior.com.br\/2026\/04\/image-300x120.webp","resumo":"Para os jogadores do time da casa, Gustavo G\u00f3mez empurrou David Duarte na origem do lance que resultou no gol contra de Ramos Mingo"},"2454329":{"titulo":"Sul-Americana: Cuca confirma aus\u00eancia de Neymar em estreia do Santos","link":"https:\/\/www.futebolinterior.com.br\/sul-americana-cuca-confirma-ausencia-de-neymar-em-estreia-do-santos\/","chapeu":"FORA","data":"05\/04\/2026","imagem":"https:\/\/images.futebolinterior.com.br\/2026\/04\/yvP2NxRS-Screenshot_21-300x211.webp","resumo":"Neymar est\u00e1 fora da estreia do Santos na Copa Sul-Americana. T\u00e9cnico Cuca explica aus\u00eancia e projeta retorno contra o Atl\u00e9tico-MG. Veja os detalhes."},"2454362":{"titulo":"BRASILEIR\u00c3O: Palmeiras vence o Bahia e dispara na lideran\u00e7a","link":"https:\/\/www.futebolinterior.com.br\/palmeiras-vence-bahia-no-brasileirao\/","chapeu":"RODADA DE P\u00c1SCOA","data":"05\/04\/2026","imagem":"https:\/\/images.futebolinterior.com.br\/2026\/04\/F3ngh9Of-image-300x223.webp","resumo":"Os resultados confirmaram a boa fase de alguns clubes que brigam pelas primeiras posi\u00e7\u00f5es e aumentaram a press\u00e3o sobre equipes que tentam escapar do Z-4"},"2454376":{"titulo":"Gr\u00eamio-RS 0 x 0 Remo-PA - Ficou barato, hein Tricolor?","link":"https:\/\/www.futebolinterior.com.br\/gremio-empata-com-remo-brasileirao-2026\/","chapeu":"AMARGO","data":"05\/04\/2026","imagem":"https:\/\/images.futebolinterior.com.br\/2026\/04\/gremio-remo-300x200.webp","resumo":"Gr\u00eamio empata sem gols com o Remo em Porto Alegre e chega a tr\u00eas jogos sem vencer no Brasileir\u00e3o. Veja os lances, expuls\u00e3o e o p\u00eanalti defendido por Weverton."}}