{"2455092":{"titulo":"Corinthians oficializa chegada de Fernando Diniz para substituir Dorival","link":"https:\/\/www.futebolinterior.com.br\/corinthians-oficializa-chegada-de-fernando-diniz-para-substituir-dorival\/","chapeu":"AGORA SIM","data":"06\/04\/2026","imagem":"https:\/\/images.futebolinterior.com.br\/2026\/04\/Screenshot_944-300x160.webp","resumo":"Diniz retorna ao clube de Parque S\u00e3o Jorge, desta vez em nova fun\u00e7\u00e3o"},"2455079":{"titulo":"CBF prop\u00f5e unir clubes das S\u00e9ries A e B em liga \u00fanica","link":"https:\/\/www.futebolinterior.com.br\/cbf-propoe-liga-unica-clubes-series-a-b\/","chapeu":"PLANEJAMENTO","data":"06\/04\/2026","imagem":"https:\/\/images.futebolinterior.com.br\/2026\/04\/rafaelRibeiro-CBF-300x152.webp","resumo":"CBF apresenta proposta de liga \u00fanica para clubes das S\u00e9ries A e B, visando melhorias no futebol brasileiro. Cronograma prev\u00ea estatuto at\u00e9 dezembro.\n"},"2455080":{"titulo":"Vit\u00f3ria perde Camutanga por 6 meses ap\u00f3s les\u00e3o grave contra a Chape","link":"https:\/\/www.futebolinterior.com.br\/vitoria-perde-camutanga\/","chapeu":"DESFALQUE","data":"06\/04\/2026","imagem":"https:\/\/images.futebolinterior.com.br\/2026\/04\/Camutanga-Vitoria-300x200.webp","resumo":"Zagueiro sofre entorse no tornozelo e desfalca o Le\u00e3o da Barra em momento cr\u00edtico"},"2454801":{"titulo":"Remo: Cond\u00e9 valoriza empate fora de casa contra o Gr\u00eamio","link":"https:\/\/www.futebolinterior.com.br\/remo-empata-com-gremio-e-permanece-no-z4\/","chapeu":"BRASILEIR\u00c3O","data":"06\/04\/2026","imagem":"https:\/\/images.futebolinterior.com.br\/2026\/04\/RaulMartins-Remo-2026-Brasileirao-300x169.webp","resumo":"Remo empata 0 a 0 com Gr\u00eamio na Arena, desperdi\u00e7a p\u00eanalti e segue na 18\u00aa posi\u00e7\u00e3o da S\u00e9rie A. T\u00e9cnico valoriza evolu\u00e7\u00e3o da equipe.\n"},"2455033":{"titulo":"Organizada do Corinthians protesta no CT e d\u00e1 \"apavoro\" em jogadores","link":"https:\/\/www.futebolinterior.com.br\/organizada-do-corinthians-faz-protesto-no-ct-e-da-apavoro-em-jogadores\/","chapeu":"PRESS\u00c3O","data":"06\/04\/2026","imagem":"https:\/\/images.futebolinterior.com.br\/2026\/04\/Screenshot_942-300x173.webp","resumo":"A torcida conversou com os atletas e exigiu uma vit\u00f3ria no cl\u00e1ssico contra o Palmeiras, no pr\u00f3ximo domingo"},"2454805":{"titulo":"Flamengo perde Jorginho por les\u00e3o em semana dura","link":"https:\/\/www.futebolinterior.com.br\/flamengo-perde-jorginho-por-lesao-em-semana-dura\/","chapeu":"PROBLEMA","data":"06\/04\/2026","imagem":"https:\/\/images.futebolinterior.com.br\/2026\/03\/Jorginho-2026-Brasileirao-300x168.webp","resumo":"Com uma les\u00e3o muscular na coxa esquerda, o clube ainda n\u00e3o informoui uma data para o retorno do meia de 34 anos"},"2454795":{"titulo":"Botafogo: reencontros marcam in\u00edcio de Franclim no comando","link":"https:\/\/www.futebolinterior.com.br\/franclim-carvalho-botafogo-estreia-reencontros-sul-americana\/","chapeu":"NOVA FASE","data":"06\/04\/2026","imagem":"https:\/\/images.futebolinterior.com.br\/2026\/04\/FranclimCarvalho-Botafogo-2026-Brasileirao-300x182.webp","resumo":"Franclim Carvalho inicia trabalho no Botafogo e reencontra 11 jogadores com quem atuou em 2024. Estreia prevista na Sul-Americana contra o Caracas.\n"},"2454914":{"titulo":"Jair defende postura do Vit\u00f3ria ap\u00f3s empate dram\u00e1tico com a Chape","link":"https:\/\/www.futebolinterior.com.br\/jair-defende-vitoria\/","chapeu":"PERSIST\u00caNCIA","data":"06\/04\/2026","imagem":"https:\/\/images.futebolinterior.com.br\/2026\/04\/imagem_2026-04-06_165457490-600x-300x200.webp","resumo":"\nT\u00e9cnico valoriza competitividade do Rubro-Negro mesmo atuando com um jogador a menos na Arena Cond\u00e1\n\n"},"2454739":{"titulo":"S\u00e3o Paulo notifica Arboleda e d\u00e1 24 horas para aparecer","link":"https:\/\/www.futebolinterior.com.br\/sao-paulo-notifica-arboleda\/","chapeu":"SUMI\u00c7O","data":"06\/04\/2026","imagem":"https:\/\/images.futebolinterior.com.br\/2026\/04\/3l1FJifv-image-300x153.webp","resumo":"O S\u00e3o Paulo notificou formalmente o zagueiro Arboleda nesta segunda-feira para que ele se reapresente ao clube ou apresente uma justificativa sobre o sumi\u00e7o desde o s\u00e1bado"},"2454650":{"titulo":"Fluminense administra elenco em meio a calend\u00e1rio pesado","link":"https:\/\/www.futebolinterior.com.br\/fluminense-empata-com-coritiba-e-perde-chance-de-lideranca\/","chapeu":"BRASILEIR\u00c3O","data":"06\/04\/2026","imagem":"https:\/\/images.futebolinterior.com.br\/2026\/04\/Zubeldia-MarceloGoncalves-Fluminense-2026-300x169.webp","resumo":"Fluminense empata com Coritiba em 1 a 1 e perde chance de liderar Brasileir\u00e3o. Gol de John Kennedy e desfalques marcaram a partida no Couto Pereira.\n"}}