{"2455493":{"titulo":"Diniz defende sa\u00edda de bola de Hugo e cita F\u00e1bio","link":"https:\/\/www.futebolinterior.com.br\/diniz-defende-saida-de-bola-de-hugo-e-cita-fabio\/","chapeu":"DINIZISMO","data":"07\/04\/2026","imagem":"https:\/\/images.futebolinterior.com.br\/2026\/04\/Diniz-300x252.webp","resumo":"\"N\u00e3o jogava absolutamente nada com os p\u00e9s\". Al\u00e9m disso, minimizou os erros de Neneca"},"2455483":{"titulo":"Vit\u00f3ria publica nota para esclarecer imbr\u00f3glios judiciais com ex-atletas","link":"https:\/\/www.futebolinterior.com.br\/vitoria-publica-nota\/","chapeu":"JUR\u00cdDICO","data":"07\/04\/2026","imagem":"https:\/\/images.futebolinterior.com.br\/2026\/04\/GustavoMosquito-Vitoria-Juventud-300x169.webp","resumo":"Rubro-Negro contesta cobran\u00e7as de Maycon Cleiton e Papaterra, mas confirma acordo com Gustavo Mosquito"},"2455396":{"titulo":"Portal Futebol Interior celebra o Dia do Jornalista","link":"https:\/\/www.futebolinterior.com.br\/portal-futebol-interior-celebra-o-dia-do-jornalista\/","chapeu":"RECONHECIMENTO","data":"07\/04\/2026","imagem":"https:\/\/images.futebolinterior.com.br\/2026\/04\/Dia-do-Jornalista-300x165.webp","resumo":"N\u00f3s, do Futebol Interior, parabenizamos todos os jornalistas que fazem da informa\u00e7\u00e3o uma ferramenta de impacto todos os dias"},"2455340":{"titulo":"Ramon, joia do Internacional-RS, celebra contrato profissional aos 17 anos","link":"https:\/\/www.futebolinterior.com.br\/ramon-joia-do-internacional-rs-celebra-contrato-profissional-aos-17-anos\/","chapeu":"PROMESSA","data":"07\/04\/2026","imagem":"https:\/\/images.futebolinterior.com.br\/2026\/04\/Ramon-Internacional-1-300x154.webp","resumo":"Com forte identidade com o clube, Ramon carrega no discurso e nas atitudes a ess\u00eancia de um torcedor dentro de campo"},"2455193":{"titulo":"Presidente do Vasco dispara cr\u00edticas contra John Textor e BAP","link":"https:\/\/www.futebolinterior.com.br\/pedrinho-critica-textor-bap-reuniao-cbf-liga-unica\/","chapeu":"CLIMA TENSO","data":"06\/04\/2026","imagem":"https:\/\/images.futebolinterior.com.br\/2025\/08\/pedrinho-300x200.webp","resumo":"Presidente do Vasco, Pedrinho critica Textor e BAP ap\u00f3s reuni\u00e3o na CBF sobre a cria\u00e7\u00e3o de uma liga \u00fanica de clubes, destacando falas pol\u00eamicas.\n"},"2455195":{"titulo":"Internacional lan\u00e7a camisa em homenagem ao mundial de 2006","link":"https:\/\/www.futebolinterior.com.br\/inter-camisa-especial-titulo-mundial-2006-pre-venda\/","chapeu":"CELEBRA\u00c7\u00c3O","data":"06\/04\/2026","imagem":"https:\/\/images.futebolinterior.com.br\/2026\/04\/Internacinoal-2026-Mundial-2006--300x168.webp","resumo":"Internacional inicia pr\u00e9-venda de camisa comemorativa ao t\u00edtulo mundial de 2006, com edi\u00e7\u00e3o limitada e design exclusivo. Saiba como garantir a sua!\n"},"2455188":{"titulo":"Corinthians errou na escolha do substituto de Dorival","link":"https:\/\/www.futebolinterior.com.br\/corinthians-errou-na-escolha-do-substituto-de-dorival\/","chapeu":"OPINI\u00c3O","data":"06\/04\/2026","imagem":"https:\/\/images.futebolinterior.com.br\/2026\/04\/dorival-corinthians-300x200.webp","resumo":"Com a presen\u00e7a de Diniz no comando t\u00e9cnico corintiano, o time principal vai involuir e os resultados esperados n\u00e3o v\u00e3o acontecer "},"2455097":{"titulo":"Diretor do Botafogo explica escolha por Franclim Carvalho","link":"https:\/\/www.futebolinterior.com.br\/botafogo-franclim-carvalho-novo-tecnico-sul-americana\/","chapeu":"NOVO T\u00c9CNICO","data":"06\/04\/2026","imagem":"https:\/\/images.futebolinterior.com.br\/2026\/04\/FranclimCarvalho-Botafogo-2026-Brasileirao-300x168.webp","resumo":"Botafogo escolhe Franclim Carvalho como novo t\u00e9cnico; estreia na Sul-Americana contra o Caracas nesta quinta-feira.\n"},"2455100":{"titulo":"Atl\u00e9tico-MG: Scarpa recupera protagonismo com boa atua\u00e7\u00e3o","link":"https:\/\/www.futebolinterior.com.br\/scarpa-garante-vitoria-galo-athletico-brasileirao\/","chapeu":"BRASILEIR\u00c3O","data":"06\/04\/2026","imagem":"https:\/\/images.futebolinterior.com.br\/2026\/04\/Scarpa-2026-Brasileirao-Atletico-MG-300x156.webp","resumo":"Gustavo Scarpa sai do banco, marca e lidera vit\u00f3ria do Atl\u00e9tico-MG por 2 a 1 sobre o Athletico-PR, destacando a for\u00e7a do grupo no Brasileir\u00e3o.\n"},"2455099":{"titulo":"Palmeiras: Leila dispara contra cr\u00edticas e diz que rivais buscam desculpas","link":"https:\/\/www.futebolinterior.com.br\/palmeiras-rebate-criticas-bahia-vitoria-fonte-nova\/","chapeu":"NOS BASTIDORES","data":"06\/04\/2026","imagem":"https:\/\/images.futebolinterior.com.br\/2025\/12\/LEILA-PEREIRA-3R-300x131.webp","resumo":"Leila Pereira, presidente do Palmeiras, responde cr\u00edticas do Bahia sobre arbitragem ap\u00f3s vit\u00f3ria por 2 a 1 na Fonte Nova e destaca novo patroc\u00ednio.\n"}}