{"2456151":{"titulo":"Palmeiras: Abel Ferreira vira alvo no STJD e pode ser suspenso","link":"https:\/\/www.futebolinterior.com.br\/abel-ferreira-expulso-stjd-denuncia-palmeiras-brasileirao\/","chapeu":"DENUNCIADO","data":"08\/04\/2026","imagem":"https:\/\/images.futebolinterior.com.br\/2026\/04\/AbelFerreira-CesarGreco-Palmeiras-Libertadores-300x187.webp","resumo":"STJD denuncia Abel Ferreira por expuls\u00f5es no Brasileir\u00e3o. T\u00e9cnico do Palmeiras pode ser suspenso por conduta antidesportiva em jogos contra Fluminense e S\u00e3o Paulo.\n"},"2456028":{"titulo":"Corinthians demite dirigente que servia de tradutor para Memphis","link":"https:\/\/www.futebolinterior.com.br\/corinthians-demite-dirigente-que-servia-de-tradutor-para-memphis\/","chapeu":"REFORMULA\u00c7\u00c3O","data":"08\/04\/2026","imagem":"https:\/\/images.futebolinterior.com.br\/2025\/08\/Memphis-Depay-300x130.webp","resumo":"Corinthians acerta a demiss\u00e3o do gerente de futebol Renan Bloise um dia ap\u00f3s oficializar a contrata\u00e7\u00e3o do t\u00e9cnico Fernando Diniz"},"2455902":{"titulo":"S\u00e3o Paulo vota expuls\u00f5es de Mara Casares e Douglas Schwartzmann por caso do camarote","link":"https:\/\/www.futebolinterior.com.br\/sao-paulo-vota-expulsoes-de-mara-casares-e-douglas-schwartzmann-por-caso-do-camarote\/","chapeu":"OPA!","data":"08\/04\/2026","imagem":"https:\/\/images.futebolinterior.com.br\/2026\/04\/Morumbi_sao-paulo-300x169.webp","resumo":"Em parecer fornecido ao colegiado para embasar a vota\u00e7\u00e3o, foi declarada unanimidade da comiss\u00e3o em expuls\u00e1-los"},"2455787":{"titulo":"Corinthians regulariza Diniz no BID para estreia na Libertadores","link":"https:\/\/www.futebolinterior.com.br\/diniz-estreia-corinthians-libertadores-platense\/","chapeu":"ESTREIA","data":"07\/04\/2026","imagem":"https:\/\/images.futebolinterior.com.br\/2026\/04\/RodrigoCoca-Diniz-2026-300x184.webp","resumo":"Fernando Diniz estreia no Corinthians contra o Platense na Libertadores. T\u00e9cnico busca reverter m\u00e1 fase do Tim\u00e3o ap\u00f3s nove jogos sem vit\u00f3ria.\n"},"2455730":{"titulo":"Athletico: Zapelli segue sem espa\u00e7o no time","link":"https:\/\/www.futebolinterior.com.br\/athletico-derrota-atletico-mg-zapelli-jejum-serie-a\/","chapeu":"EM BAIXA","data":"07\/04\/2026","imagem":"https:\/\/images.futebolinterior.com.br\/2026\/04\/DudaMatoso-Athletico-PR-300x155.webp","resumo":"Athletico perde para o Atl\u00e9tico-MG, 2 a 1, e Zapelli segue sem marcar na S\u00e9rie A, acumulando 900 dias sem gols pelo Brasileir\u00e3o.\n"},"2455729":{"titulo":"Jacy revela bastidores de homenagem marcante no Coritiba","link":"https:\/\/www.futebolinterior.com.br\/2455729homenagem-emociona-zagueiro-jacy-do-coritiba\/","chapeu":"EMOCIONANTE","data":"07\/04\/2026","imagem":"https:\/\/images.futebolinterior.com.br\/2026\/04\/Jacy-JPPacheco-2026-Coritiba-300x155.webp","resumo":"Em homenagem emocionante, torcida do Coritiba exibe bandeira com imagem de Jacy, sua m\u00e3e e filho. Zagueiro revela gratid\u00e3o e desejo de se tornar \u00eddolo.\n"},"2455731":{"titulo":"S\u00e3o Paulo: atrasos de Arboleda j\u00e1 eram frequentes","link":"https:\/\/www.futebolinterior.com.br\/arboleda-some-sao-paulo-pode-rescindir-contrato\/","chapeu":"PROBLEMA","data":"07\/04\/2026","imagem":"https:\/\/images.futebolinterior.com.br\/2026\/04\/RubensChiri-Arboleda-SaoPaulo-300x160.webp","resumo":"Arboleda n\u00e3o aparece para jogo contra o Cruzeiro, irrita o S\u00e3o Paulo e pode ter contrato rescindido. Clube aguarda justificativa em 24 horas.\n"},"2455688":{"titulo":"Jogador do Flamengo tem que pagar empres\u00e1rio at\u00e9 dia 13 ou vai ser suspenso","link":"https:\/\/www.futebolinterior.com.br\/jogador-do-flamengo-tem-que-pagar-empresario-ate-dia-13-ou-vai-ser-suspenso\/","chapeu":"PROBLEMA","data":"07\/04\/2026","imagem":"https:\/\/images.futebolinterior.com.br\/2026\/04\/EmersonRoyal-2026-Brasileirao-300x160.webp","resumo":"Lateral Emerson Royal, do Flamengo, \u00e9 condenado a pagar R$ 3,8 milh\u00f5es e pode virar desfalque em jogos do clube carioca."},"2455597":{"titulo":"Internacional embala com Pezzolano e chega forte para o Gre-Nal","link":"https:\/\/www.futebolinterior.com.br\/inter-renasce-pezzolano-taticas-surpreendem-brasileirao\/","chapeu":"T\u00c1TICAS","data":"07\/04\/2026","imagem":"https:\/\/images.futebolinterior.com.br\/2026\/04\/Internacinoal-2026-Pezzolano-gre-nal-300x184.webp","resumo":"Inter de Pezzolano sai da lanterna para o 13\u00ba lugar com t\u00e1ticas flex\u00edveis e sequ\u00eancia invicta no Brasileir\u00e3o. Gre-Nal 452 \u00e9 o pr\u00f3ximo desafio.\n"},"2455595":{"titulo":"Atl\u00e9tico-MG poupa titulares em estreia na Sul-Americana","link":"https:\/\/www.futebolinterior.com.br\/atletico-mg-poupa-titulares-estreia-sul-americana\/","chapeu":"POUPANDO","data":"07\/04\/2026","imagem":"https:\/\/images.futebolinterior.com.br\/2026\/04\/Hulk-Atletico-MG-2026-300x164.webp","resumo":"Atl\u00e9tico-MG poupa Hulk e outros titulares na estreia da Sul-Americana contra o Puerto Cabello, visando o confronto com o Santos no Brasileir\u00e3o.\n"}}