{"2456902":{"titulo":"S\u00e3o Paulo perde volante ap\u00f3s fratura durante treino","link":"https:\/\/www.futebolinterior.com.br\/sao-paulo-pablo-maia-lesao-treino-desfalque-brasileirao\/","chapeu":"LESIONADO","data":"09\/04\/2026","imagem":"https:\/\/images.futebolinterior.com.br\/2026\/04\/PabloMaia-SaoPaulo-2026-300x177.webp","resumo":"Pablo Maia, volante do S\u00e3o Paulo, fraturou nariz e face em treino. Passar\u00e1 por cirurgia e desfalcar\u00e1 time contra o Vit\u00f3ria na 11\u00aa rodada do Brasileir\u00e3o.\n"},"2456905":{"titulo":"Athletico recusa proposta milion\u00e1ria por promessa de 17 anos","link":"https:\/\/www.futebolinterior.com.br\/athletico-rejeita-oferta-shakhtar-bruninho-jovem-destaque\/","chapeu":"NEGOCIANDO","data":"09\/04\/2026","imagem":"https:\/\/images.futebolinterior.com.br\/2026\/04\/Bruninho-2026-Brasileirao-Athletico-300x163.webp","resumo":"Athletico recusa proposta de 10 milh\u00f5es de euros do Shakhtar por Bruninho, jovem destaque de 17 anos. Clube quer 15 milh\u00f5es para liberar o atacante.\n"},"2456832":{"titulo":"Promessa da Costa Rica passa por per\u00edodo de testes no Botafogo-RJ","link":"https:\/\/www.futebolinterior.com.br\/promessa-da-costa-rica-passa-por-periodo-de-testes-no-botafogo-rj\/","chapeu":"INTERNACIONAL","data":"09\/04\/2026","imagem":"https:\/\/images.futebolinterior.com.br\/2026\/04\/Jorshuard-Pilarte-300x140.webp","resumo":"Joshuard Pilarte, meia-atacante costa-riquenho de 16 anos, deve ficar entre tr\u00eas e quatro semanas realizando treinos no Botafogo-RJ"},"2456809":{"titulo":"Arboleda encaminha sa\u00edda do S\u00e3o Paulo; Relembre pol\u00eamicas","link":"https:\/\/www.futebolinterior.com.br\/arboleda-encaminha-saida-do-sao-paulo-relembre-polemicas\/","chapeu":"EITA","data":"09\/04\/2026","imagem":"https:\/\/images.futebolinterior.com.br\/2025\/04\/Arboleda-300x139.jpg","resumo":"S\u00e3o Paulo deu in\u00edcio a um processo que pode culminar na rescis\u00e3o unilateral do contrato, caso, em 10 dias, Arboleda n\u00e3o apare\u00e7a"},"2456740":{"titulo":"Brasil bate recorde na arbitragem da Copa do Mundo; Veja detalhes","link":"https:\/\/www.futebolinterior.com.br\/brasil-bate-recorde-na-arbitragem-da-copa-do-mundo-veja-detalhes\/","chapeu":"DETALHES","data":"09\/04\/2026","imagem":"https:\/\/images.futebolinterior.com.br\/2025\/10\/Ramon-Abatti-Abel-1-300x138.webp","resumo":"Saiba mais sobre os \u00e1rbitros que representar\u00e3o o Brasil no maior torneio de futebol do planeta"},"2456720":{"titulo":"Abel \u00e9 suspenso por oito jogos e pode desfalcar Palmeiras no D\u00e9rbi","link":"https:\/\/www.futebolinterior.com.br\/abel-e-suspenso-por-oito-jogos-e-pode-desfalcar-palmeiras-no-derbi\/","chapeu":"BOMBA","data":"09\/04\/2026","imagem":"https:\/\/images.futebolinterior.com.br\/2025\/12\/Abel-Ferreira-300x135.webp","resumo":"Abel Ferreira foi julgado pelo Superior Tribunal de Justi\u00e7a Desportiva (STJD) e acabou condenado por oito jogos, com dois j\u00e1 cumpridos"},"2456708":{"titulo":"Guanaes celebra vit\u00f3ria do Mirassol, mas prega foco no Brasileir\u00e3o","link":"https:\/\/www.futebolinterior.com.br\/guanaes-celebra-vitoria-mirassol\/","chapeu":"EUFORIA","data":"09\/04\/2026","imagem":"https:\/\/images.futebolinterior.com.br\/2026\/04\/Guanaes-celebra-vitoria-do-Mirassol-e-prega-foco-no-Brasileirao-300x169.webp","resumo":"Apesar da euforia na Libertadores, o Mirassol vive uma realidade dura no Brasileir\u00e3o, onde ocupa a lanterna"},"2456694":{"titulo":"Jornal espanhol aponta \"esc\u00e2ndalo do VAR\" em vit\u00f3ria do Flamengo","link":"https:\/\/www.futebolinterior.com.br\/jornal-aponta-escandalo-var-vitoria-flamengo\/","chapeu":"POL\u00caMICA","data":"09\/04\/2026","imagem":"https:\/\/images.futebolinterior.com.br\/2026\/04\/Jornal-aponta-escandalo-em-vitoria-do-Flamengo-300x155.webp","resumo":"Na an\u00e1lise publicada, o ve\u00edculo destacou que o Flamengo teve efici\u00eancia ofensiva, mas apontou interfer\u00eancias da arbitragem"},"2456670":{"titulo":"CBF acata pedido e S\u00e3o Paulo x Mirassol ser\u00e1 no Brinco de Ouro","link":"https:\/\/www.futebolinterior.com.br\/sao-paulo-x-mirassol-sera-no-brinco-de-ouro\/","chapeu":"DEFINIDO","data":"09\/04\/2026","imagem":"https:\/\/images.futebolinterior.com.br\/2026\/04\/Sao-Paulo-x-Guarani-sera-no-Brinco-de-Ouro-300x159.webp","resumo":"Em mar\u00e7o, por causa do show da banda australiana AC\/DC em seu est\u00e1dio, o S\u00e3o Paulo optou pelo Canind\u00e9"},"2456335":{"titulo":"Remo aposta em inova\u00e7\u00e3o para prevenir les\u00f5es e melhorar rendimento","link":"https:\/\/www.futebolinterior.com.br\/remo-aposta-em-tecnologia-de-ponta-para-evoluir-na-copa-verde\/","chapeu":"TECNOLGIA","data":"08\/04\/2026","imagem":"https:\/\/images.futebolinterior.com.br\/2026\/04\/LuisCarlos-Remo-2026-Brasileirao-300x185.webp","resumo":"Remo investe em equipamento italiano de alta tecnologia, fortalecendo prepara\u00e7\u00e3o f\u00edsica e desempenho dos atletas na Copa Verde.\n"}}