{"2457266":{"titulo":"CBF aceita pedido do Flamengo e adia Fla-Flu para domingo","link":"https:\/\/www.futebolinterior.com.br\/cbf-aceita-pedido-do-flamengo-e-adia-fla-flu-para-domingo\/","chapeu":"MUDAN\u00c7A","data":"10\/04\/2026","imagem":"https:\/\/images.futebolinterior.com.br\/2026\/03\/FLAMENGO-X-FLUMINENSE-300x139.webp","resumo":"Flamengo e Fluminense chegam para esse confronto separados por apenas tr\u00eas pontos na tabela do Brasileir\u00e3o"},"2457205":{"titulo":"Brasil domina a arbitragem na Copa do Mundo de 2026","link":"https:\/\/www.futebolinterior.com.br\/brasil-domina-a-arbitragem-na-copa-do-mundo-de-2026\/","chapeu":"NA PONTA","data":"10\/04\/2026","imagem":"https:\/\/images.futebolinterior.com.br\/2025\/03\/Raphael-Claus-300x151.jpg","resumo":"O Brasil \u00e9 o pa\u00eds com mais profissionais na lista, porque a sua delega\u00e7\u00e3o conta ainda com 5 assistentes e 1 \u00e1rbitro de v\u00eddeo."},"2457076":{"titulo":"Vasco apresenta plano para quitar d\u00edvidas, mas encontra oposi\u00e7\u00e3o","link":"https:\/\/www.futebolinterior.com.br\/vasco-resistencia-plano-pagamento-cnrd-2026\/","chapeu":"DISPUTA","data":"09\/04\/2026","imagem":"https:\/\/images.futebolinterior.com.br\/2026\/04\/MatheusLima-2026-Brasileirao-300x169.webp","resumo":"Vasco busca aprova\u00e7\u00e3o de plano de pagamento na CNRD, mas enfrenta oposi\u00e7\u00e3o de credores como Fluminense, Santos e Bragantino. SAF prop\u00f5e limite anual de R$ 10 milh\u00f5es.\n"},"2457086":{"titulo":"Fla-Flu pode ser adiado por atraso de voo do Flamengo","link":"https:\/\/www.futebolinterior.com.br\/fla-flu-adiamento-atraso-voo-flamengo-cusco-maracana\/","chapeu":"ADIAMENTO","data":"09\/04\/2026","imagem":"https:\/\/images.futebolinterior.com.br\/2026\/04\/GilvandeSouza-Flamengo-2026-Brasileirao-300x195.webp","resumo":"Flamengo solicita adiamento do Fla-Flu ap\u00f3s atraso no voo de Cusco. Partida pode ocorrer no domingo, mantendo o hor\u00e1rio original.\n"},"2457032":{"titulo":"Internacional recebe visita de \u00eddolo antes do Gre-Nal","link":"https:\/\/www.futebolinterior.com.br\/inter-recebe-sobis-motivacao-gre-nal-452\/","chapeu":"CONCENTRADOS","data":"09\/04\/2026","imagem":"https:\/\/images.futebolinterior.com.br\/2026\/04\/RafaelSobis-2026-Brasileirao-Internacional-300x157.webp","resumo":"Rafael Sobis visita o Inter antes do Gre-Nal 452, refor\u00e7ando a prepara\u00e7\u00e3o com t\u00e9cnico e equipe para o cl\u00e1ssico no Beira-Rio.\n"},"2457029":{"titulo":"Dono do Cruzeiro projeta rea\u00e7\u00e3o e pede apoio da torcida","link":"https:\/\/www.futebolinterior.com.br\/cruzeiro-pedro-lourenco-confia-elenco-reviravolta\/","chapeu":"CONFIAN\u00c7A","data":"09\/04\/2026","imagem":"https:\/\/images.futebolinterior.com.br\/2026\/04\/GustavoAleixo-Cruzeiro-2026-Brasileirao-300x157.webp","resumo":"\nPedro Louren\u00e7o apoia elenco do Cruzeiro, confiante na recupera\u00e7\u00e3o no Brasileiro e for\u00e7a para Libertadores. T\u00e9cnico Artur Jorge busca resgatar hist\u00f3ria do clube."},"2457033":{"titulo":"S\u00e3o Paulo ganha refor\u00e7o com retorno de Ryan Francisco","link":"https:\/\/www.futebolinterior.com.br\/ryan-francisco-retorno-sao-paulo-sub-20-lesao\/","chapeu":"RETORNO","data":"09\/04\/2026","imagem":"https:\/\/images.futebolinterior.com.br\/2026\/04\/Miguel-Schincariol-SaoPaulo-2026-Brsileirao-300x180.webp","resumo":"Ryan Francisco volta ao S\u00e3o Paulo sub-20 ap\u00f3s les\u00e3o no joelho. Promessa joga 30 minutos na vit\u00f3ria por 1 a 0 sobre o Fluminense pelo Brasileir\u00e3o da categoria.\n"},"2457078":{"titulo":"De volta ao Bahia, Everaldo celebra boa fase e minimiza disputa no ataque","link":"https:\/\/www.futebolinterior.com.br\/bahia-everaldo\/","chapeu":"CONFIAN\u00c7A","data":"09\/04\/2026","imagem":"https:\/\/images.futebolinterior.com.br\/2026\/04\/WhatsApp-Image-2026-04-09-at-14-300x200.webp","resumo":"Camisa 27 destaca adapta\u00e7\u00e3o em nova fun\u00e7\u00e3o t\u00e1tica e projeta duelo contra o Mirassol pela S\u00e9rie A"},"2457002":{"titulo":"Flamengo ter\u00e1 prepara\u00e7\u00e3o curta antes de pegar o Fluminense","link":"https:\/\/www.futebolinterior.com.br\/fla-flu-flamengo-desgaste-vitoria-altitude-libertadores\/","chapeu":"FLA-FLU","data":"09\/04\/2026","imagem":"https:\/\/images.futebolinterior.com.br\/2026\/04\/Jardim-Flamengo-2026-Brasileirao-300x185.webp","resumo":"Flamengo lida com desgaste ap\u00f3s vit\u00f3ria sobre Cusco na Libertadores, antes do cl\u00e1ssico contra o Fluminense pelo Campeonato Carioca.\n"},"2457030":{"titulo":"Botafogo-RJ \u00e9 punido e n\u00e3o pode registrar jogadores por 6 meses","link":"https:\/\/www.futebolinterior.com.br\/botafogo-sancao-cnrd-registro-jogadores-divida-dezembro\/","chapeu":"PUNI\u00c7\u00c3O","data":"09\/04\/2026","imagem":"https:\/\/images.futebolinterior.com.br\/2026\/02\/JohnTextor-Botafogo-2026-Brasileirao-300x160.webp","resumo":"Botafogo punido pela CNRD por d\u00edvida; clube n\u00e3o pode registrar novos jogadores por seis meses. Expectativa \u00e9 quitar d\u00e9bito at\u00e9 dia 20.\n"}}