{"2457537":{"titulo":"Flamengo ganha refor\u00e7os antes de cl\u00e1ssico com o Fluminense","link":"https:\/\/www.futebolinterior.com.br\/flamengo-retornos-classico-fluminense-maracana-domingo\/","chapeu":"RETORNOS","data":"10\/04\/2026","imagem":"https:\/\/images.futebolinterior.com.br\/2025\/11\/Everton-Cebolinha-300x131.webp","resumo":"Sa\u00fal e Cebolinha retornam parcialmente aos treinos do Flamengo antes do cl\u00e1ssico contra o Fluminense no Maracan\u00e3 neste domingo.\n"},"2457706":{"titulo":"Cruzeiro x Red Bull Bragantino - Onde assistir, escala\u00e7\u00f5es e arbitragem","link":"https:\/\/www.futebolinterior.com.br\/cruzeiro-bragantino-brasileirao-reacao\/","chapeu":"REA\u00c7\u00c3O","data":"10\/04\/2026","imagem":"https:\/\/images.futebolinterior.com.br\/2025\/08\/Screenshot_683-300x189.webp","resumo":"Cruzeiro recebe o Bragantino tentando sair da vice-lanterna, enquanto advers\u00e1rio mira o G-6 do Brasileir\u00e3o."},"2457688":{"titulo":"Corinthians x Palmeiras - Onde assistir, escala\u00e7\u00f5es e arbitragem","link":"https:\/\/www.futebolinterior.com.br\/corinthians-palmeiras-derbi-brasileirao\/","chapeu":"D\u00c9RBI","data":"10\/04\/2026","imagem":"https:\/\/images.futebolinterior.com.br\/2026\/04\/CesarGreco-Palmeiras-Brasileirao-2026-300x162.webp","resumo":"Corinthians e Palmeiras fazem cl\u00e1ssico decisivo no Brasileir\u00e3o com momentos opostos e press\u00e3o por resultado."},"2457670":{"titulo":"Internacional x Gr\u00eamio - Onde assistir, escala\u00e7\u00f5es e arbitragem","link":"https:\/\/www.futebolinterior.com.br\/inter-gremio-gre-nal-brasileirao\/","chapeu":"CL\u00c1SSICO","data":"10\/04\/2026","imagem":"https:\/\/images.futebolinterior.com.br\/2026\/04\/RicardoDuarte-Internacional-Gremio-Brasileirao-300x156.webp","resumo":"Internacional e Gr\u00eamio duelam no Beira-Rio buscando rea\u00e7\u00e3o no Brasileir\u00e3o em cl\u00e1ssico equilibrado."},"2457645":{"titulo":"Mirassol x Bahia - Onde assistir, escala\u00e7\u00f5es e arbitragem","link":"https:\/\/www.futebolinterior.com.br\/mirassol-bahia-reacao-brasileirao\/","chapeu":"REA\u00c7\u00c3O","data":"10\/04\/2026","imagem":"https:\/\/images.futebolinterior.com.br\/2026\/04\/Maiao-PedroZacchi-2026-Brasileirao-300x168.webp","resumo":"Mirassol encara o Bahia buscando encerrar sequ\u00eancia negativa no Brasileir\u00e3o ap\u00f3s vit\u00f3ria hist\u00f3rica na Libertadores."},"2457646":{"titulo":"Vit\u00f3ria x S\u00e3o Paulo - Onde assistir, escala\u00e7\u00f5es e arbitragem","link":"https:\/\/www.futebolinterior.com.br\/sao-paulo-vitoria-desfalques-brasileirao\/","chapeu":"DUELO","data":"10\/04\/2026","imagem":"https:\/\/images.futebolinterior.com.br\/2026\/03\/Barradao-Vitoria-VictorFerreira-1-300x169.webp","resumo":"S\u00e3o Paulo enfrenta o Vit\u00f3ria fora de casa com desfalques importantes e tenta se aproximar da lideran\u00e7a do Brasileir\u00e3o."},"2457535":{"titulo":"S\u00e3o Paulo tem desfalques importantes para pegar o Vit\u00f3ria","link":"https:\/\/www.futebolinterior.com.br\/desfalques-sao-paulo-contra-vitoria-brasileirao\/","chapeu":"DESFALQUES","data":"10\/04\/2026","imagem":"https:\/\/images.futebolinterior.com.br\/2026\/04\/SaoPaulo-2026-Brasileirao-300x194.webp","resumo":"S\u00e3o Paulo enfrenta o Vit\u00f3ria sem Sabino, Bobadilla, Luciano e Calleri. Equipe busca aproxima\u00e7\u00e3o da lideran\u00e7a do Brasileir\u00e3o.\n"},"2457539":{"titulo":"Santos x Atl\u00e9tico-MG - Onde assistir, escala\u00e7\u00f5es e arbitragem","link":"https:\/\/www.futebolinterior.com.br\/santos-atletico-mg-neymar-gabigol-reacao\/","chapeu":"REA\u00c7\u00c3O","data":"10\/04\/2026","imagem":"https:\/\/images.futebolinterior.com.br\/2026\/04\/Santos-2026-Brasileirao-300x178.webp","resumo":"Santos enfrenta o Atl\u00e9tico-MG na Vila Belmiro com Neymar e Gabigol para tentar se recuperar no Brasileir\u00e3o."},"2457477":{"titulo":"Volante do S\u00e3o Paulo passa por cirurgia ap\u00f3s choque no treino","link":"https:\/\/www.futebolinterior.com.br\/volante-do-sao-paulo-passa-por-cirurgia-apos-choque-no-treino\/","chapeu":"DESFALQUE","data":"10\/04\/2026","imagem":"https:\/\/images.futebolinterior.com.br\/2025\/11\/PabloMAis-RubensChiri-SaoPaulo-300x172.webp","resumo":"O clube ainda n\u00e3o definiu uma data para o retorno do atleta aos gramados; o meio-campista virou desfalque para o duelo contra o Vit\u00f3ria, neste s\u00e1bado (11)"},"2457618":{"titulo":"Com defesa esfacelada, Vit\u00f3ria busca repetir 2025 contra o S\u00e3o Paulo","link":"https:\/\/www.futebolinterior.com.br\/vitoria-sao-paulo\/","chapeu":"COMPLICOU","data":"10\/04\/2026","imagem":"https:\/\/images.futebolinterior.com.br\/2026\/04\/55104346681_a00e1084e4_3k-scaled-e1771519736660-600x373-1-300x187.webp","resumo":"Le\u00e3o da Barra encara o vice-l\u00edder da S\u00e9rie A com 12 desfalques e d\u00favida no gol para o duelo deste s\u00e1bado"}}