{"2457880":{"titulo":"Vit\u00f3ria-BA 2 x 0 S\u00e3o Paulo - Com um a mais, Le\u00e3o segura o Tricolor no Barrad\u00e3o","link":"https:\/\/www.futebolinterior.com.br\/vitoria-ba-2-x-0-sao-paulo-com-um-a-mais-leao-segura-o-tricolor-no-barradao\/","chapeu":"SURPRESA!","data":"11\/04\/2026","imagem":"https:\/\/images.futebolinterior.com.br\/2026\/04\/sao-paulo_vitoria-300x213.webp","resumo":"Saiba como foi o duelo entre Vit\u00f3ria e S\u00e3o Paulo, v\u00e1lido pela 11\u00aa rodada do Campeonato Brasileiro"},"2458008":{"titulo":"Messi no Brasil? Nubank planeja amistoso entre Palmeiras e Inter Miami","link":"https:\/\/www.futebolinterior.com.br\/messi-no-brasil-nubank-planeja-amistoso-entre-palmeiras-e-inter-miami\/","chapeu":"UIA!","data":"11\/04\/2026","imagem":"https:\/\/images.futebolinterior.com.br\/2026\/04\/messi-300x188.webp","resumo":"O projeto ainda est\u00e1 em est\u00e1gio inicial e depende de alinhamentos com o clube norte-americano"},"2458006":{"titulo":"Santos usar\u00e1 marca de Pel\u00e9 na camisa em a\u00e7\u00e3o especial contra o Atl\u00e9tico-MG","link":"https:\/\/www.futebolinterior.com.br\/santos-usara-marca-de-pele-na-camisa-em-acao-especial-contra-o-atletico-mg\/","chapeu":"SE LIGA!","data":"11\/04\/2026","imagem":"https:\/\/images.futebolinterior.com.br\/2026\/04\/SANTOS-PELE-300x169.webp","resumo":"A iniciativa ocorre ap\u00f3s acordo entre o clube, a marca ligada a Pel\u00e9, a Umbro e a NR Sports"},"2457908":{"titulo":"Ex-jogadores e Jorge Jesus se re\u00fanem em chamada para celebrar anivers\u00e1rio de Everton Ribeiro","link":"https:\/\/www.futebolinterior.com.br\/ex-jogadores-e-jorge-jesus-se-reunem-em-chamada-para-celebrar-aniversario-de-everton-ribeiro\/","chapeu":"ENCONTRO!","data":"11\/04\/2026","imagem":"https:\/\/images.futebolinterior.com.br\/2026\/04\/everton_jesus-300x200.webp","resumo":"O registro foi compartilhado por Diego Ribas nas redes sociais e reuniu, al\u00e9m dele, Diego Alves, Rafinha e Filipe Lu\u00eds"},"2457907":{"titulo":"Ancelotti elogia Neymar e n\u00e3o descarta convoca\u00e7\u00e3o para a Copa","link":"https:\/\/www.futebolinterior.com.br\/ancelotti-elogia-neymar-e-nao-descarta-convocacao\/","chapeu":"NO RADAR!","data":"11\/04\/2026","imagem":"https:\/\/images.futebolinterior.com.br\/2026\/04\/Ancelotti-nao-descarta-convocacao-de-Neymar-300x176.webp","resumo":"Fora contra Fran\u00e7a e Cro\u00e1cia, Neymar ainda corre contra o tempo para convencer Ancelotti antes da convoca\u00e7\u00e3o final"},"2457830":{"titulo":"Flamengo-RJ monitora lateral com passagem pela sele\u00e7\u00e3o brasileira","link":"https:\/\/www.futebolinterior.com.br\/flamengo-rj-monitora-lateral-com-passagem-pela-selecao-brasileira\/","chapeu":"NA MIRA","data":"11\/04\/2026","imagem":"https:\/\/images.futebolinterior.com.br\/2026\/03\/CAIO-HENRIQUE-300x131.webp","resumo":"Flamengo tem interesse na contrata\u00e7\u00e3o de Caio Henrique, lateral-esquerdo que pertence ao Monaco, da Fran\u00e7a"},"2457748":{"titulo":"Fluminense-RJ x Flamengo-RJ - Cl\u00e1ssico pelo G-4 do Brasileir\u00e3o","link":"https:\/\/www.futebolinterior.com.br\/fluminense-x-flamengo-fla-flu-brasileirao-2026\/","chapeu":"FLA-FLU","data":"10\/04\/2026","imagem":"https:\/\/images.futebolinterior.com.br\/2026\/04\/Screenshot_79-300x198.webp","resumo":"Confira as prov\u00e1veis escala\u00e7\u00f5es de Fluminense e Flamengo para o cl\u00e1ssico no Maracan\u00e3. Desfalques, hist\u00f3rico do Fla-Flu e detalhes da 11\u00aa rodada do Brasileir\u00e3o."},"2457749":{"titulo":"Athletico-PR x Chapecoense-SC - Quem se reabilita no Brasileir\u00e3o?","link":"https:\/\/www.futebolinterior.com.br\/athletico-pr-x-chapecoense-brasileirao-2026\/","chapeu":"REABILITA\u00c7\u00c3O","data":"10\/04\/2026","imagem":"https:\/\/images.futebolinterior.com.br\/2026\/04\/jVBZNCrA-Screenshot_78-300x194.webp","resumo":"Athletico-PR e Chapecoense se enfrentam na Arena da Baixada pela 11\u00aa rodada do Brasileir\u00e3o. Veja prov\u00e1veis times, estreia de F\u00e1bio Matias e onde assistir ao jogo."},"2457757":{"titulo":"Fluminense faz ajustes para enfrentar o Flamengo","link":"https:\/\/www.futebolinterior.com.br\/fla-flu-adiado-fluminense-preparacao-canobbio-cano-desfalque\/","chapeu":"PREPARA\u00c7\u00c3O","data":"10\/04\/2026","imagem":"https:\/\/images.futebolinterior.com.br\/2026\/04\/LucasMercon-Fluminense-2026-Brasileirao-300x167.webp","resumo":"Fluminense se prepara para o Fla-Flu ap\u00f3s adiamento; Canobbio retorna, mas Cano \u00e9 desfalque. Confira a prov\u00e1vel escala\u00e7\u00e3o para o cl\u00e1ssico carioca.\n"},"2457726":{"titulo":"Ex-Internacional anuncia aposentadoria aos 38 anos","link":"https:\/\/www.futebolinterior.com.br\/fernando-reges-anuncia-aposentadoria-aos-38-anos\/","chapeu":"DESPEDIDA","data":"10\/04\/2026","imagem":"https:\/\/images.futebolinterior.com.br\/2026\/04\/Fernando-RicardoDuarte-Internacional-2026-300x163.webp","resumo":"Fernando Reges anuncia aposentadoria aos 38 anos. Ex-Inter e City, o volante se despede dos gramados ap\u00f3s les\u00e3o no joelho.\n"}}