{"2460809":{"titulo":"Disputando titularidade no Bahia, Gilberto projeta mudan\u00e7a de fun\u00e7\u00e3o","link":"https:\/\/www.futebolinterior.com.br\/gilberto-bahia\/","chapeu":"DISPUTA","data":"16\/04\/2026","imagem":"https:\/\/images.futebolinterior.com.br\/2026\/04\/WhatsApp-Image-2026-04-16-at-12.52.26-600x490-1-300x200.webp","resumo":"Lateral destaca for\u00e7a do Esquadr\u00e3o como visitante e comenta disputa sadia por posi\u00e7\u00e3o no elenco"},"2460700":{"titulo":"Bahia tenta efeito suspensivo para ter titulares contra o Flamengo","link":"https:\/\/www.futebolinterior.com.br\/bahia-tenta-efeito-suspensivo-para-ter-titulares-contra-o-flamengo\/","chapeu":"TRIBUNAIS","data":"16\/04\/2026","imagem":"https:\/\/images.futebolinterior.com.br\/2026\/04\/DAvid-Duarte-300x200.avif","resumo":"As puni\u00e7\u00f5es ocorreram ap\u00f3s cr\u00edticas \u00e0 arbitragem na derrota para o Palmeiras, na Arena Fonte Nova"},"2460703":{"titulo":"Remo aguarda retorno de meia para enfrentar o Red Bull Bragantino","link":"https:\/\/www.futebolinterior.com.br\/remo-vitor-bueno-retorno-bragantino-serie-a-lesao\/","chapeu":"RETORNO","data":"16\/04\/2026","imagem":"https:\/\/images.futebolinterior.com.br\/2026\/04\/SamaraMiranda-2026-Brasileirao-Remo-300x160.webp","resumo":"Vitor Bueno pode refor\u00e7ar o Remo contra o Bragantino na S\u00e9rie A, ap\u00f3s um m\u00eas afastado por les\u00e3o.\n"},"2460676":{"titulo":"Goleiro do Botafogo-RJ supera falhas e volta a ganhar confian\u00e7a","link":"https:\/\/www.futebolinterior.com.br\/goleiro-neto-retorno-botafogo-defesas-contra-racing\/","chapeu":"DE VOLTA","data":"16\/04\/2026","imagem":"https:\/\/images.futebolinterior.com.br\/2026\/04\/Neto-VitorSilva-Botafogo-2026-Brasileirao-300x161.webp","resumo":"Neto retorna ao Botafogo ap\u00f3s dois meses, supera falha inicial e brilha com defesas contra o Racing.\n"},"2460687":{"titulo":"Flamengo-RJ lan\u00e7a camisa especial do tetra da Libertadores por R$ 99","link":"https:\/\/www.futebolinterior.com.br\/flamengo-rj-lanca-camisa-especial-do-tetra-da-libertadores-por-r-99\/","chapeu":"DETALHES","data":"16\/04\/2026","imagem":"https:\/\/images.futebolinterior.com.br\/2026\/04\/Flamengo-300x144.webp","resumo":"Flamengo-RJ aposta em pre\u00e7o baixo para manter a torcida engajada e transformar a conquista recente em receita"},"2460674":{"titulo":"S\u00e3o Paulo treina com mudan\u00e7as para enfrentar o Vasco","link":"https:\/\/www.futebolinterior.com.br\/sao-paulo-treina-mudancas-confronto-vasco\/","chapeu":"PREPARA\u00c7\u00c3O","data":"16\/04\/2026","imagem":"https:\/\/images.futebolinterior.com.br\/2026\/04\/Luciano-Erico-Leonan-2026-Brasileirao-300x182.webp","resumo":"Roger Machado prepara o S\u00e3o Paulo com foco em jogadas sob press\u00e3o para o jogo contra o Vasco.\n"},"2460557":{"titulo":"MP denuncia ex-diretores do Corinthians por desvio de R$ 3,4 milh\u00f5es","link":"https:\/\/www.futebolinterior.com.br\/mp-sp-denuncia-ex-diretores-do-corinthians-por-desvio-de-r-34-milhoes\/","chapeu":"AZEDOU","data":"16\/04\/2026","imagem":"https:\/\/images.futebolinterior.com.br\/2025\/07\/Duilio-Monteiro-Alves-300x133.webp","resumo":"Al\u00e9m da condena\u00e7\u00e3o criminal, o MP requereu o bloqueio de bens dos envolvidos e o ressarcimento dos danos materiais e morais causados ao Corinthians"},"2460584":{"titulo":"Athletico-PR confirma renova\u00e7\u00e3o com promissor goleiro ucraniano","link":"https:\/\/www.futebolinterior.com.br\/athletico-pr-confirma-renovacao-com-promissor-goleiro-ucraniano\/","chapeu":"PARED\u00c3O","data":"16\/04\/2026","imagem":"https:\/\/images.futebolinterior.com.br\/2026\/04\/Maksym-Voronov-300x123.webp","resumo":"Maksym Voronov assina contrato com o Athletico-PR at\u00e9 o final de 2029 e segue em busca de uma oportunidade no time principal"},"2460544":{"titulo":"Gustavo Henrique brilha com assist\u00eancia e gol pelo Corinthians","link":"https:\/\/www.futebolinterior.com.br\/gustavo-henrique-brilha-com-assistencia-e-gol-pelo-corinthians\/","chapeu":"ZAGUEIR\u00c3O","data":"16\/04\/2026","imagem":"https:\/\/images.futebolinterior.com.br\/2026\/04\/GUSTAVO-HENRIQUE-2-300x147.webp","resumo":"Gustavo Henrique foi o grande nome do Corinthians na vit\u00f3ria sobre o Santa F\u00e9, da Col\u00f4mbia, pela Libertadores"},"2460510":{"titulo":"Come\u00e7o de Diniz no Corinthians empolga? Veja os n\u00fameros","link":"https:\/\/www.futebolinterior.com.br\/comeco-de-diniz-corinthians-empolga\/","chapeu":"ANIMOU?","data":"16\/04\/2026","imagem":"https:\/\/images.futebolinterior.com.br\/2026\/04\/DINIZ-EMPOLGA-EM-INICIO-NO-CORINTHIANS-300x192.webp","resumo":"Um dos principais destaques desse in\u00edcio sob comando de Diniz \u00e9 o desempenho defensivo"}}