{"2459985":{"titulo":"Ex-Flamengo e Vasco, zagueiro \u00e9 campe\u00e3o do Masterchef","link":"https:\/\/www.futebolinterior.com.br\/ex-flamengo-e-vasco-zagueiro-e-campeao-do-masterchef\/","chapeu":"INUSITADO","data":"15\/04\/2026","imagem":"https:\/\/images.futebolinterior.com.br\/2026\/04\/erazo-300x135.webp","resumo":"Em solo nacional, Erazo atuou por quatro anos, no per\u00edodo de 2014 at\u00e9 2018"},"2459993":{"titulo":"Abel Ferreira, do Palmeiras, tem pena reduzida pelo STJD","link":"https:\/\/www.futebolinterior.com.br\/abel-ferreira-palmeiras-pena-reduzida\/","chapeu":"PUNI\u00c7\u00c3O","data":"15\/04\/2026","imagem":"https:\/\/images.futebolinterior.com.br\/2026\/04\/AbelFerreira-CesarGreco-Palmeiras-Libertadores-300x187.webp","resumo":"A maioria dos auditores aceitou parcialmente o recurso da defesa do Palmeiras quanto \u00e0 expuls\u00e3o do treinador contra o Fluminense e diminuiu de dois para um jogo de gancho."},"2459935":{"titulo":"Grupo de conselheiros do Corinthians miram impeachment de St\u00e1bile","link":"https:\/\/www.futebolinterior.com.br\/grupo-de-conselheiros-do-corinthians-miram-impeachment-de-stabile\/","chapeu":"AZEDOU","data":"15\/04\/2026","imagem":"https:\/\/images.futebolinterior.com.br\/2025\/08\/Osmar-Stabilie-e-eleito-presidente-do-Corinthians-300x168.webp","resumo":"Grupo solicita o afastamento cautelar de Osmar St\u00e1bile do Corinthians para a apura\u00e7\u00e3o dos fatos ap\u00f3s novas pol\u00eamicas"},"2459921":{"titulo":"Lu\u00eds Castro projeta evolu\u00e7\u00e3o do Gr\u00eamio-RS: 'Queremos mais'","link":"https:\/\/www.futebolinterior.com.br\/luis-castro-projeta-evolucao-do-gremio-rs-queremos-mais\/","chapeu":"AN\u00c1LISE","data":"15\/04\/2026","imagem":"https:\/\/images.futebolinterior.com.br\/2026\/04\/Luis-Castro-2-300x150.webp","resumo":"Lu\u00eds Castro ressaltou a dificuldade em retomar a confian\u00e7a do elenco, que vinha de cinco jogos sem vencer antes do duelo contra o Riestra"},"2459823":{"titulo":"Cuca v\u00ea preju\u00edzo na programa\u00e7\u00e3o para Neymar ap\u00f3s empate do Santos","link":"https:\/\/www.futebolinterior.com.br\/cuca-ve-prejuizo-na-programacao-para-neymar-apos-empate-do-santos\/","chapeu":"PRESS\u00c3O","data":"15\/04\/2026","imagem":"https:\/\/images.futebolinterior.com.br\/2026\/04\/Cuca-e-Neymar-300x133.webp","resumo":"Cuca analisa atua\u00e7\u00e3o do Santos na segunda rodada da Copa Sul-Americana e avalia o planejamento do clube envolvendo Neymar"},"2459800":{"titulo":"Santos completa 114 anos: minha homenagem ao clube que revelou Pel\u00e9","link":"https:\/\/www.futebolinterior.com.br\/santos-completa-114-anos-minha-homenagem-ao-clube-que-revelou-pele\/","chapeu":"OPINI\u00c3O","data":"15\/04\/2026","imagem":"https:\/\/images.futebolinterior.com.br\/2025\/12\/Screenshot_58-300x169.webp","resumo":"O primeiro uniforme foi azul, branco com fios dourados. Mas, em 2013, passou a ter apenas o preto e branco e camisa listrada."},"2459713":{"titulo":"Remo x Cruzeiro tem mudan\u00e7a de est\u00e1dio confirmada pela CBF","link":"https:\/\/www.futebolinterior.com.br\/remo-cruzeiro-mudanca-estadio-brasileirao\/","chapeu":"MUDAN\u00c7A","data":"14\/04\/2026","imagem":"https:\/\/images.futebolinterior.com.br\/2026\/04\/Remo-2026-Raul-Martins-e-Luis-Carlos-300x178.webp","resumo":"Remo enfrenta Cruzeiro no Baen\u00e3o ap\u00f3s mudan\u00e7a devido a show.\n"},"2459658":{"titulo":"Gustavo G\u00f3mez celebra 400 jogos pelo Palmeiras e se declara ao clube","link":"https:\/\/www.futebolinterior.com.br\/gustavo-gomez-celebra-400-jogos-pelo-palmeiras-e-se-declara-ao-clube\/","chapeu":"\u00cdDOLO","data":"14\/04\/2026","imagem":"https:\/\/images.futebolinterior.com.br\/2026\/04\/Gustavo-Gomez-Palmeiras-300x275.webp","resumo":"O defensor com mais gols na hist\u00f3ria do Verd\u00e3o revelou grande amor ao clube: : \"Mudou minha vida\""},"2459657":{"titulo":"Corinthians: erro na prepara\u00e7\u00e3o f\u00edsica agrava les\u00e3o de Memphis","link":"https:\/\/www.futebolinterior.com.br\/corinthians-erro-adia-retorno-memphis-depay-aos-gramados\/","chapeu":"ERRO","data":"14\/04\/2026","imagem":"https:\/\/images.futebolinterior.com.br\/2026\/03\/NSdTe4Bv-Memphis-Depay-300x139.webp","resumo":"Les\u00e3o de Memphis Depay se agrava por erro do Corinthians, adiando volta.\n"},"2459651":{"titulo":"Presidente do Santos descarta sa\u00edda de Neymar","link":"https:\/\/www.futebolinterior.com.br\/santos-neymar-teixeira-contrato-divida-2026\/","chapeu":"CONTRATO","data":"14\/04\/2026","imagem":"https:\/\/images.futebolinterior.com.br\/2026\/04\/Neymar-Santos-2026-Brasileirao-300x166.webp","resumo":"Presidente do Santos, Marcelo Teixeira comenta sobre contrato de Neymar e d\u00edvida de R$ 90,5 milh\u00f5es.\n"}}