{"2461001":{"titulo":"Cruzeiro-MG ter\u00e1 que pagar indeniza\u00e7\u00e3o a ex-goleiro do clube","link":"https:\/\/www.futebolinterior.com.br\/cruzeiro-mg-tera-que-pagar-indenizacao-a-ex-goleiro-do-clube\/","chapeu":"EITA","data":"17\/04\/2026","imagem":"https:\/\/images.futebolinterior.com.br\/2026\/04\/Vinicius-Barreta-300x128.webp","resumo":"Advogado do atleta considerou a decis\u00e3o do TST relevante para a prote\u00e7\u00e3o dos direitos trabalhistas de atletas em situa\u00e7\u00e3o de vulnerabilidade"},"2460996":{"titulo":"Internacional-RS negocia extens\u00e3o do v\u00ednculo de volante africano","link":"https:\/\/www.futebolinterior.com.br\/internacional-rs-negocia-extensao-do-vinculo-de-volante-africano\/","chapeu":"RENOVA\u00c7\u00c3O","data":"17\/04\/2026","imagem":"https:\/\/images.futebolinterior.com.br\/2026\/04\/Benjamin-Arhin-300x136.webp","resumo":"Internacional mira a renova\u00e7\u00e3o do contrato do volante Benjamin Arhin, um dos destaques da equipe no Campeonato Ga\u00facho"},"2460985":{"titulo":"Joia do Fluminense-RJ ganha espa\u00e7o no time principal","link":"https:\/\/www.futebolinterior.com.br\/joia-do-fluminense-rj-ganha-espaco-no-time-principal\/","chapeu":"PROMESSA","data":"17\/04\/2026","imagem":"https:\/\/images.futebolinterior.com.br\/2026\/04\/Wesley-Nata-300x139.webp","resumo":"Treinador destacou a atitude do garoto, ressaltando que a ousadia dos atletas mais novos pode ser fundamental em momentos dif\u00edceis"},"2460875":{"titulo":"T\u00e9cnico do Corinthians sai em defesa de Andr\u00e9 ap\u00f3s pol\u00eamica","link":"https:\/\/www.futebolinterior.com.br\/diniz-defende-andre-expulsao-classico-corinthians-palmeiras\/","chapeu":"DEFESA","data":"16\/04\/2026","imagem":"https:\/\/images.futebolinterior.com.br\/2026\/04\/Diniz-elogia-corinthians-derbi-300x166.webp","resumo":"Fernando Diniz sai em defesa de Andr\u00e9, expulso por gesto no cl\u00e1ssico Corinthians e Palmeiras. T\u00e9cnico confia na inoc\u00eancia do jogador e destaca seu futuro promissor.\n"},"2460870":{"titulo":"Botafogo oficializa mudan\u00e7a de fornecedora esportiva","link":"https:\/\/www.futebolinterior.com.br\/botafogo-troca-fornecedor-mizuno-entra-reebok-sai\/","chapeu":"MUDAN\u00c7A","data":"16\/04\/2026","imagem":"https:\/\/images.futebolinterior.com.br\/2026\/04\/VitorSilva-Botafogo-2026-300x168.webp","resumo":"Botafogo anuncia mudan\u00e7a de fornecedor esportivo. Reebok sai ap\u00f3s 3 anos e Mizuno assume at\u00e9 2029. Clube mant\u00e9m controle criativo dos uniformes alvinegros.\n"},"2460858":{"titulo":"Neymar n\u00e3o treina com elenco e Santos vive clima de press\u00e3o","link":"https:\/\/www.futebolinterior.com.br\/neymar-fora-treino-santos-prepara-fluminense\/","chapeu":"PREPARA\u00c7\u00c3O","data":"16\/04\/2026","imagem":"https:\/\/images.futebolinterior.com.br\/2026\/04\/Neymar-Santos-2026-Brasileirao-300x166.webp","resumo":"\nNeymar n\u00e3o participa de treino do Santos e preocupa para jogo contra Fluminense. Rony e Gabriel Menino tamb\u00e9m s\u00e3o d\u00favidas por problemas f\u00edsicos. Confira os detalhes."},"2460839":{"titulo":"Vit\u00f3ria apresenta novo uniforme para 2026 e prepara estreia no Barrad\u00e3o","link":"https:\/\/www.futebolinterior.com.br\/vitoria-novo-uniforme\/","chapeu":"IDENTIDADE","data":"16\/04\/2026","imagem":"https:\/\/images.futebolinterior.com.br\/2026\/04\/template-fotos-capa-64-300x169.webp","resumo":"\nCole\u00e7\u00e3o desenvolvida em parceria com a Volt exalta o DNA trabalhador da torcida rubro-negra\n"},"2460800":{"titulo":"Corinthians se prepara para enfrentar o Vit\u00f3ria","link":"https:\/\/www.futebolinterior.com.br\/corinthians-prepara-duelo-vitoria-brasileirao-2026\/","chapeu":"TREINOS","data":"16\/04\/2026","imagem":"https:\/\/images.futebolinterior.com.br\/2026\/04\/RodrigoCoca-Diniz-2026-Brasileirao-300x177.webp","resumo":"Corinthians treina para enfrentar o Vit\u00f3ria, com novidades no elenco. Kaio C\u00e9sar em transi\u00e7\u00e3o e Angileri ainda em recupera\u00e7\u00e3o s\u00e3o destaques para a partida no Barrad\u00e3o.\n"},"2460791":{"titulo":"Corinthians recebe dirigentes do Sindicato de Atletas SP para reuni\u00e3o institucional","link":"https:\/\/www.futebolinterior.com.br\/corinthians-recebe-dirigentes-do-sindicato-de-atletas-sp-para-reuniao-institucional\/","chapeu":"VISITA","data":"16\/04\/2026","imagem":"https:\/\/images.futebolinterior.com.br\/2026\/04\/WhatsApp-Image-2026-04-16-at-18.58.09-300x258.webp","resumo":"Participaram do encontro o presidente da entidade, Rinaldo Martorelli, o coordenador jur\u00eddico, Guilherme Martorelli, e o advogado Rodrigo Jakobovsky."},"2460778":{"titulo":"Internacional pode ter mudan\u00e7as importantes contra o Mirassol","link":"https:\/\/www.futebolinterior.com.br\/inter-enfrenta-mirassol-com-duvidas-lateral-esquerda\/","chapeu":"ESCALA\u00c7\u00c3O","data":"16\/04\/2026","imagem":"https:\/\/images.futebolinterior.com.br\/2026\/04\/RicardoDuarte-Internacional-Mirassol-Brasileirao-300x181.webp","resumo":"Paulo Pezzolano avalia op\u00e7\u00f5es para substituir Matheus Bahia, d\u00favida para o jogo do Inter contra o Mirassol no Beira-Rio.\n"}}