{"2468777":{"titulo":"Vasco mira a contrata\u00e7\u00e3o de atacante de clube ucraniano","link":"https:\/\/www.futebolinterior.com.br\/vasco-mira-contratacao-de-atacante-de-clube-ucraniano\/","chapeu":"INTERESSE","data":"30\/04\/2026","imagem":"https:\/\/images.futebolinterior.com.br\/2026\/04\/Lucas-Ferreira-300x142.webp","resumo":"Vasco planeja abrir conversas pela contrata\u00e7\u00e3o de Lucas Ferreira, atacante revelado pelo S\u00e3o Paulo e que atualmente defende o Shakhtar"},"2468667":{"titulo":"Volante do Flamengo entra na mira de clubes do exterior","link":"https:\/\/www.futebolinterior.com.br\/volante-do-flamengo-entra-na-mira-de-clubes-do-exterior\/","chapeu":"MERCADO","data":"30\/04\/2026","imagem":"https:\/\/images.futebolinterior.com.br\/2025\/07\/Erick-Pulgar-300x142.webp","resumo":"Apesar da movimenta\u00e7\u00e3o, ainda n\u00e3o houve proposta oficial pelo jogador rubro-negro, que se recupera de uma les\u00e3o no ombro"},"2468506":{"titulo":"Diretoria do Vasco diverge e freia negocia\u00e7\u00e3o de patroc\u00ednio m\u00e1ster","link":"https:\/\/www.futebolinterior.com.br\/divergencia-vasco-patrocinio-sportingbet-negociacao\/","chapeu":"PATROC\u00cdNIO","data":"29\/04\/2026","imagem":"https:\/\/images.futebolinterior.com.br\/2026\/04\/Dikran-Sahagian-Vasco-2026-Brasileirao-300x153.webp","resumo":"Negocia\u00e7\u00e3o com SportingBet divide diretoria do Vasco sobre valores do contrato de patroc\u00ednio.\n"},"2468436":{"titulo":"Conselho do Corinthians rejeita reforma do estatuto","link":"https:\/\/www.futebolinterior.com.br\/conselho-corinthians-rejeita-reforma-estatuto\/","chapeu":"ESTATUTO","data":"29\/04\/2026","imagem":"https:\/\/images.futebolinterior.com.br\/2026\/04\/Corinthians-2026-Brasileirao-Victor-Costa-300x186.webp","resumo":"Conselho do Corinthians recusa reforma estatut\u00e1ria; 15 destaques seguem em pauta para vota\u00e7\u00e3o.\n"},"2468416":{"titulo":"Fluminense acerta com Hulk at\u00e9 2027 e aguarda rescis\u00e3o no Atl\u00e9tico-MG","link":"https:\/\/www.futebolinterior.com.br\/fluminense-acerta-com-hulk-rescisao-atletico-mg\/","chapeu":"FECHADO","data":"29\/04\/2026","imagem":"https:\/\/images.futebolinterior.com.br\/2025\/10\/Hulk-celebra-fim-de-jejum-pelo-Atletico-MG-300x200.webp","resumo":"Fluminense e Hulk chegam a acordo. Rescis\u00e3o com Atl\u00e9tico-MG est\u00e1 pr\u00f3xima."},"2468372":{"titulo":"Cruzeiro amplia acordo e garante 70% dos direitos de joia","link":"https:\/\/www.futebolinterior.com.br\/cruzeiro-amplia-fatia-eduardo-pape-acordo-azuriz\/","chapeu":"ACORDO","data":"29\/04\/2026","imagem":"https:\/\/images.futebolinterior.com.br\/2026\/04\/EduardoPape-2026-Brasileirao-300x179.webp","resumo":"Cruzeiro adquire 70% dos direitos de Eduardo Pape em acordo com o Azuriz."},"2468298":{"titulo":"Internacional recusa investida do exterior e segura volante","link":"https:\/\/www.futebolinterior.com.br\/inter-recusa-oferta-juarez-volante-ronaldo\/","chapeu":"SONDAGEM","data":"29\/04\/2026","imagem":"https:\/\/images.futebolinterior.com.br\/2026\/04\/Ronaldo-Internacional-2026-300x177.webp","resumo":"Volante Ronaldo do Inter recebe proposta do Ju\u00e1rez, mas valores n\u00e3o agradam ao jogador e seus representantes.\n"},"2468303":{"titulo":"Lucas foi reintegrado ao elenco em treino do S\u00e3o Paulo","link":"https:\/\/www.futebolinterior.com.br\/lucas-foi-reintegrado-ao-elenco-em-treino-do-sao-paulo\/","chapeu":"VOLTANDO","data":"29\/04\/2026","imagem":"https:\/\/images.futebolinterior.com.br\/2026\/04\/EricoLeonan-SaoPaulo-2026-Brasileirao-300x177.webp","resumo":"O Tricolor encara o Bahia, no domingo (3), \u00e0s 16h, no est\u00e1dio C\u00edcero de Souza Marques, em Bragan\u00e7a Paulista "},"2468282":{"titulo":"Torcida do Remo protesta na sede do clube: \"Elenco Ifood\"","link":"https:\/\/www.futebolinterior.com.br\/torcida-do-remo-protesta-na-sede-do-clube-elenco-ifood\/","chapeu":"TENS\u00c3O","data":"29\/04\/2026","imagem":"https:\/\/images.futebolinterior.com.br\/2026\/04\/Protesto-Remo-300x205.webp","resumo":"Em meio a crise, o Le\u00e3o volta a campo no s\u00e1bado (2), \u00e0s 16h, quando visita o Botafogo, no Nilton Santos, pela 14\u00aa rodada do Brasileir\u00e3o "},"2468163":{"titulo":"Atl\u00e9tico-MG formaliza proposta por zagueiro do Napoli-ITA","link":"https:\/\/www.futebolinterior.com.br\/atletico-mg-formaliza-proposta-por-zagueiro-do-napoli-ita\/","chapeu":"NA MESA","data":"29\/04\/2026","imagem":"https:\/\/images.futebolinterior.com.br\/2026\/04\/JUAN-JESUS-300x137.webp","resumo":"Atl\u00e9tico-MG negocia a contrata\u00e7\u00e3o do experiente zagueiro Juan Jesus, bicampe\u00e3o italiano pelo Napoli"}}