{"2468021":{"titulo":"Fluminense pode confirmar Hulk a qualquer momento","link":"https:\/\/www.futebolinterior.com.br\/fluminense-perto-de-anunciar-hulk\/","chapeu":"MERCADO","data":"28\/04\/2026","imagem":"https:\/\/images.futebolinterior.com.br\/2025\/12\/54443140272_a77198b199_5k-scaled-1-300x200.webp","resumo":"Fluminense negocia com Hulk para fortalecer o ataque. Saiba os detalhes da poss\u00edvel transfer\u00eancia, que deixou o Galo em crise.\n"},"2467942":{"titulo":"Haaland do Sert\u00e3o entra na mira do City Group, mas Bahia quer manter","link":"https:\/\/www.futebolinterior.com.br\/haaland-do-sertao\/","chapeu":"VALORIZADO","data":"28\/04\/2026","imagem":"https:\/\/images.futebolinterior.com.br\/2026\/04\/55041778971_624251b813_k-e1768434778589-600x350-1-300x175.webp","resumo":"Atacante Dell desperta interesse de clubes estrangeiros ap\u00f3s se destacar no in\u00edcio da temporada"},"2467674":{"titulo":"Com d\u00edvida bilion\u00e1ria, Corinthians tem contas de 2025 aprovadas","link":"https:\/\/www.futebolinterior.com.br\/divida-bilionaria-corinthians\/","chapeu":"FINAN\u00c7AS","data":"27\/04\/2026","imagem":"https:\/\/images.futebolinterior.com.br\/2026\/04\/DMbdVhm2-FernandoBueno-Corinthians-2026-300x173.webp","resumo":"Corinthians aprova contas de 2025 com ressalvas e d\u00edvida de R$ 2,7 bilh\u00f5es"},"2467608":{"titulo":"Zagueiro se destaca no Athletico e entra na mira do Tottenham","link":"https:\/\/www.futebolinterior.com.br\/arthur-dias-interesse-tottenham-athletico-negociacao\/","chapeu":"DESTAQUE","data":"27\/04\/2026","imagem":"https:\/\/images.futebolinterior.com.br\/2026\/04\/ArthurDias-Athletico-2026-300x159.webp","resumo":"Zagueiro do Athletico, Arthur Dias, chama aten\u00e7\u00e3o do Tottenham, mas clube resiste \u00e0 venda imediata."},"2467511":{"titulo":"Empres\u00e1rio tenta pautar SAF no S\u00e3o Paulo sem discuss\u00e3o passar pelo Conselho","link":"https:\/\/www.futebolinterior.com.br\/empresario-tenta-pautar-saf-no-sao-paulo-sem-discussao-passar-pelo-conselho\/","chapeu":"GOLPE?","data":"27\/04\/2026","imagem":"https:\/\/images.futebolinterior.com.br\/2026\/04\/Diego-Fernandes-300x211.webp","resumo":"Para isso, seria necess\u00e1rio apoio de cerca de 1,6 mil s\u00f3cios com poder de voto, em uma Assembl\u00e9ia Geral de S\u00f3cios"},"2467569":{"titulo":"Cruzeiro divulga balan\u00e7o com R$ 154 milh\u00f5es em contrata\u00e7\u00f5es","link":"https:\/\/www.futebolinterior.com.br\/cruzeiro-investe-pesado-dobra-receitas-2025\/","chapeu":"BALAN\u00c7O","data":"27\/04\/2026","imagem":"https:\/\/images.futebolinterior.com.br\/2026\/04\/Cruzeiro-2026-Brasileirao-300x157.webp","resumo":"Cruzeiro revela balan\u00e7o financeiro de 2025 com investimento de R$ 154 milh\u00f5es em jogadores e d\u00edvida superior a R$ 1 bilh\u00e3o."},"2467568":{"titulo":"Vasco vive dilema ofensivo e busca solu\u00e7\u00e3o no ataque","link":"https:\/\/www.futebolinterior.com.br\/renato-busca-solucao-ataque-vasco-brasileirao\/","chapeu":"DESAFIO","data":"27\/04\/2026","imagem":"https:\/\/images.futebolinterior.com.br\/2026\/04\/Vasco-RenatoGaucho-2026-300x157.webp","resumo":"Renato Ga\u00facho enfrenta desafio para definir ataque do Vasco, testando diferentes forma\u00e7\u00f5es na ponta direita.\n"},"2467570":{"titulo":"Tiquinho n\u00e3o engrena no Mirassol e acumula cr\u00edticas da torcida","link":"https:\/\/www.futebolinterior.com.br\/crise-gols-tiquinho-soares-mirassol-baixa\/","chapeu":"EM BAIXA","data":"27\/04\/2026","imagem":"https:\/\/images.futebolinterior.com.br\/2026\/04\/Tiquinho-Mirassol-PedroZacchi-300x165.webp","resumo":"Tiquinho Soares enfrenta jejum de gols e torcida do Mirassol protesta."},"2467480":{"titulo":"Gr\u00eamio pode vender zagueiro por R$ 117 milh\u00f5es","link":"https:\/\/www.futebolinterior.com.br\/gremio-venda-viery-interesse-clubes-europeus\/","chapeu":"NEGOCIA\u00c7\u00c3O","data":"27\/04\/2026","imagem":"https:\/\/images.futebolinterior.com.br\/2026\/04\/Viery-LucasUebel-Gremio-2026-Brasileirao-300x155.webp","resumo":"Zagueiro Viery, destaque do Gr\u00eamio, atrai interesse de clubes europeus e pode ser vendido na pr\u00f3xima janela.\n"},"2467479":{"titulo":"Athletico enfrenta desfalques importantes contra o Gr\u00eamio","link":"https:\/\/www.futebolinterior.com.br\/athletico-enfrenta-desfalques-importantes-contra-o-gremio\/","chapeu":"DESFALQUES","data":"27\/04\/2026","imagem":"https:\/\/images.futebolinterior.com.br\/2026\/04\/Luis-Miguel-Ferreira-LuizGustavo-Athletico-2026-300x182.webp","resumo":"Athletico sem Luiz Gustavo e Zapelli contra o Gr\u00eamio. Time busca superar aus\u00eancias na Arena da Baixada pelo Brasileir\u00e3o.\n"}}