{"2469166":{"titulo":"Flamengo intensifica prepara\u00e7\u00e3o para cl\u00e1ssico contra o Vasco","link":"https:\/\/www.futebolinterior.com.br\/flamengo-intensifica-preparacao-para-classico-contra-o-vasco\/","chapeu":"TREINAMENTO","data":"01\/05\/2026","imagem":"https:\/\/images.futebolinterior.com.br\/2026\/05\/Leonardo-Jardim-2-300x145.webp","resumo":"Leonardo Jardim iniciou os trabalhos com o grupo na manh\u00e3 desta sexta, refor\u00e7ando o foco total no duelo contra o rival carioca"},"2468982":{"titulo":"Atl\u00e9tico-MG: acionista anuncia afastamento da SAF","link":"https:\/\/www.futebolinterior.com.br\/atletico-mg-rafael-menin-afasta-operacoes-clube\/","chapeu":"MUDAN\u00c7AS","data":"30\/04\/2026","imagem":"https:\/\/images.futebolinterior.com.br\/2026\/04\/Atletico-MG-206-Braileirao-300x155.webp","resumo":"Rafael Menin deixa opera\u00e7\u00f5es do Atl\u00e9tico-MG nas m\u00e3os de Pedro Daniel.\n"},"2468933":{"titulo":"Bahia se prepara para duelo com S\u00e3o Paulo no Brasileir\u00e3o","link":"https:\/\/www.futebolinterior.com.br\/bahia-prepara-duelo-sao-paulo-brasileirao-2026\/","chapeu":"TREINANDO","data":"30\/04\/2026","imagem":"https:\/\/images.futebolinterior.com.br\/2026\/04\/RogerioCeni-Bahia-2026-300x163.webp","resumo":"Bahia intensifica treinos e conta com retorno de Ruan Pablo para enfrentar o S\u00e3o Paulo.\n"},"2468936":{"titulo":"Conselho do S\u00e3o Paulo pode votar afastamento de presidente","link":"https:\/\/www.futebolinterior.com.br\/afastamento-olten-ayres-sao-paulo-conselho-deliberativo\/","chapeu":"POL\u00caMICA","data":"30\/04\/2026","imagem":"https:\/\/images.futebolinterior.com.br\/2026\/04\/SaoPaulo-2026-Brasileirao-300x164.webp","resumo":"Comiss\u00e3o de \u00c9tica do S\u00e3o Paulo sugere afastamento de Olten Ayres do Conselho Deliberativo."},"2468796":{"titulo":"Neymar pode ser reserva no cl\u00e1ssico contra o Palmeiras","link":"https:\/\/www.futebolinterior.com.br\/neymar-reserva-classico-palmeiras-santos-campeonato-brasileiro\/","chapeu":"D\u00daVIDA","data":"30\/04\/2026","imagem":"https:\/\/images.futebolinterior.com.br\/2026\/04\/Neymar-2026-Brasileirao-Santos-300x164.webp","resumo":"Neymar \u00e9 d\u00favida no Santos para enfrentar o Palmeiras; pode ficar no banco.\n"},"2468992":{"titulo":"Vit\u00f3ria \u00e9 punido pelo STJD ap\u00f3s cr\u00edticas contra arbitragem","link":"https:\/\/www.futebolinterior.com.br\/vitoria-punido-stjd\/","chapeu":"JULGAMENTO","data":"30\/04\/2026","imagem":"https:\/\/images.futebolinterior.com.br\/2026\/04\/55225293222_29109f997d_c-300x200.webp","resumo":"Decis\u00e3o da 3\u00aa Comiss\u00e3o Disciplinar suspende F\u00e1bio Mota e Erick, enquanto Jair Ventura \u00e9 absolvido pelo tribunal"},"2468795":{"titulo":"Volante do Vasco \u00e9 absolvido no STJD e pode enfrentar o Flamengo","link":"https:\/\/www.futebolinterior.com.br\/thiago-mendes-absolvido-desabafo-arbitragem-brasileirao\/","chapeu":"ABSOLVIDO","data":"30\/04\/2026","imagem":"https:\/\/images.futebolinterior.com.br\/2026\/04\/Dikran-Sahagian-ThiagoMendes-2026-Brasileirao-300x175.webp","resumo":"Thiago Mendes do Vasco \u00e9 absolvido pelo STJD ap\u00f3s cr\u00edticas \u00e0 arbitragem no Brasileir\u00e3o.\n"},"2468794":{"titulo":"Palmeiras se prepara para cl\u00e1ssico contra o Santos","link":"https:\/\/www.futebolinterior.com.br\/palmeiras-prepara-time-para-classico-contra-o-santos\/","chapeu":" NO GRAMADO","data":"30\/04\/2026","imagem":"https:\/\/images.futebolinterior.com.br\/2026\/04\/Paulinho-CesarGreco-Palmeiras-2026-300x151.webp","resumo":"Palmeiras treina ap\u00f3s empate na Libertadores e foca no cl\u00e1ssico contra o Santos pelo Brasileir\u00e3o.\n"},"2468793":{"titulo":"Botafogo busca arrecadar 40 milh\u00f5es de euros com venda de Danilo","link":"https:\/\/www.futebolinterior.com.br\/botafogo-venda-danilo-copa-desafios-judiciais\/","chapeu":"NEGOCIANDO","data":"30\/04\/2026","imagem":"https:\/\/images.futebolinterior.com.br\/2026\/04\/Danilo-2026-Botafogo-300x178.webp","resumo":"Botafogo espera lucrar com Danilo na Copa e enfrenta desafios judiciais."},"2468800":{"titulo":"Flamengo confirma cirurgia bem-sucedida em Arrascaeta","link":"https:\/\/www.futebolinterior.com.br\/flamengo-confirma-cirurgia-bem-sucedida-em-arrascaeta\/","chapeu":"RECUPERA\u00c7\u00c3O","data":"30\/04\/2026","imagem":"https:\/\/images.futebolinterior.com.br\/2026\/04\/Arrascaeta-300x153.webp","resumo":"Procedimento, realizado nesta quinta-feira, durou cerca de uma hora e foi considerado um sucesso pelo DM do Flamengo"}}