{"2252839":{"titulo":"Pedro Severino, do Red Bull Bragantino, deixa UTI ap\u00f3s 19 dias","link":"https:\/\/www.futebolinterior.com.br\/pedro-severino-do-red-bull-bragantino-deixa-uti-apos-19-dias-internado\/","chapeu":"BOA!","data":"25\/03\/2025","imagem":"https:\/\/images.futebolinterior.com.br\/2025\/03\/pedro-300x185.jpeg","resumo":"De acordo com o boletim m\u00e9dico divulgado pela Unimed, Severino est\u00e1 em tratamento de alta complexidade"},"2252837":{"titulo":"CBF continua sem comando, afinal toda unanimidade \u00e9 burra","link":"https:\/\/www.futebolinterior.com.br\/cbf-continua-sem-comando-afinal-toda-unanimidade-e-burra\/","chapeu":"S\u00c9RGIO CARVALHO","data":"25\/03\/2025","imagem":"https:\/\/images.futebolinterior.com.br\/2025\/03\/Ednaldo-Rodrigues-eleicao-2025-StagesImages-CBF-300x177.jpg","resumo":"O presidente da CBF derrubou a candidatura de Ronaldo Fen\u00f4meno e da\u00ed 'abra\u00e7ou' todos os eleitores e segue \u00e0 frente da entidade, mesmo sem capacidade"},"2252785":{"titulo":"Atacante retorna e S\u00e3o Paulo ganha refor\u00e7o para a estreia no Brasileir\u00e3o","link":"https:\/\/www.futebolinterior.com.br\/atacante-retorna-e-sao-paulo-ganha-reforco-para-a-estreia-no-brasileirao\/","chapeu":"DE VOLTA","data":"24\/03\/2025","imagem":"https:\/\/images.futebolinterior.com.br\/2025\/03\/Screenshot_432-300x212.jpg","resumo":"Ap\u00f3s cumprir um cronograma de carga individualizada nos \u00faltimos dias, o argentino participou normalmente das atividades"},"2252807":{"titulo":"Gr\u00eamio contrata goleiro destaque no Campeonato Ga\u00facho","link":"https:\/\/www.futebolinterior.com.br\/gremio-contrata-goleiro-jorge\/","chapeu":"FECHADO","data":"24\/03\/2025","imagem":"https:\/\/images.futebolinterior.com.br\/2025\/03\/lg-noticias-gra-mio-informa-a-contrataa-a-o-do-goleiro-jorge-42701-1-300x208.png","resumo":"O Gr\u00eamio oficializou a contrata\u00e7\u00e3o do goleiro Jorge, de 23 anos"},"2252803":{"titulo":"Bahia empresta lateral-esquerdo ao Volta Redonda","link":"https:\/\/www.futebolinterior.com.br\/bahia-empresta-lateral-esquerdo\/","chapeu":"MERCADO","data":"24\/03\/2025","imagem":"https:\/\/images.futebolinterior.com.br\/2025\/03\/Caio-Roque-Bahia-300x205.jpg","resumo":"O Bahia oficializou nesta segunda-feira (25) o empr\u00e9stimo do lateral-esquerdo Caio Roque ao Volta Redonda"},"2252766":{"titulo":"Atl\u00e9tico-MG renova com Alan Franco at\u00e9 o fim de 2027 ap\u00f3s t\u00edtulo mineiro","link":"https:\/\/www.futebolinterior.com.br\/atletico-mg-renova-alan-franco\/","chapeu":"ELE FICA","data":"24\/03\/2025","imagem":"https:\/\/images.futebolinterior.com.br\/2025\/03\/Alan-Franco-1-300x209.jpg","resumo":"Alan Franco chegou ao Atl\u00e9tico-MG em 2020, vindo do Independiente del Valle, do Equador"},"2252748":{"titulo":"N\u00e3o \u00e9 gramado sint\u00e9tico que cria desequil\u00edbrio, \u00e9 falta de fair play financeiro', diz Leila","link":"https:\/\/www.futebolinterior.com.br\/nao-e-gramado-sintetico-que-cria-desequilibrio-e-falta-de-fair-play-financeiro-diz-leila\/","chapeu":"DIRETA!","data":"24\/03\/2025","imagem":"https:\/\/images.futebolinterior.com.br\/2025\/03\/leila-300x166.webp","resumo":"Ao longo de fevereiro, as cr\u00edticas aos gramados sint\u00e9ticos entraram novamente em pauta ap\u00f3s um movimento liderado por Neymar"},"2252755":{"titulo":"Jaconi chega aos 50 anos de reforma com gramado pronto para o Brasileir\u00e3o","link":"https:\/\/www.futebolinterior.com.br\/jaconi-gramado-reforma\/","chapeu":"QUALIDADE","data":"24\/03\/2025","imagem":"https:\/\/images.futebolinterior.com.br\/2025\/03\/Gramado-Jaconi-300x200.jpg","resumo":"Com a proximidade do Campeonato Brasileiro, o clube intensifica os cuidados para manter o padr\u00e3o de excel\u00eancia"},"2252733":{"titulo":"Ap\u00f3s mais um t\u00edtulo mineiro, Atl\u00e9tico renova com volante Alan Franco at\u00e9 o fim de 2027","link":"https:\/\/www.futebolinterior.com.br\/apos-mais-um-titulo-mineiro-atletico-renova-com-volante-alan-franco-ate-o-fim-de-2027\/","chapeu":"OPA!","data":"24\/03\/2025","imagem":"https:\/\/images.futebolinterior.com.br\/2025\/03\/Atletico-1-300x200.jpeg","resumo":"O Atl\u00e9tico volta a campo no s\u00e1bado, \u00e0s 18h30, para enfrentar o Gr\u00eamio, na Arena do Gr\u00eamio, em Porto Alegre, pela primeira rodada do Brasileir\u00e3o."},"2252686":{"titulo":"Corinthians faz trabalho de for\u00e7a e Talles Magno foca na final: 'Preparados para o t\u00edtulo'","link":"https:\/\/www.futebolinterior.com.br\/corinthians-faz-trabalho-de-forca-e-talles-magno-foca-na-final-preparados-para-o-titulo\/","chapeu":"PRONTOS!","data":"24\/03\/2025","imagem":"https:\/\/images.futebolinterior.com.br\/2025\/03\/TALLES-300x224.jpeg","resumo":"O duelo de volta acontecer\u00e1 nesta quinta-feira, \u00e0s 21h35, na Neo Qu\u00edmica Arena "}}