{"2253714":{"titulo":"Lucas Moura permanece fazendo atividades separada e \u00e9 d\u00favida no S\u00e3o Paulo","link":"https:\/\/www.futebolinterior.com.br\/lucas-moura-treino-separado-sao-paulo\/","chapeu":"VISH","data":"26\/03\/2025","imagem":"https:\/\/images.futebolinterior.com.br\/2025\/03\/Lucas-Moura-1-300x182.jpg","resumo":"O meia-atacante do S\u00e3o Paulo n\u00e3o participou mais uma vez das atividades da semana por causa do problema no joelho e crescem as chances de Ferreirinha ser titular"},"2253729":{"titulo":"Vit\u00f3ria intensifica prepara\u00e7\u00e3o para estreia contra o Juventude na S\u00e9rie A","link":"https:\/\/www.futebolinterior.com.br\/vitoria-intensifica-preparacao-serie-a\/","chapeu":"PREPARA\u00c7\u00c3O","data":"26\/03\/2025","imagem":"https:\/\/images.futebolinterior.com.br\/2025\/03\/54365107213_68dacc8d87_3k-300x200.jpg","resumo":"Rubro-Negro manteve elenco principal em Salvador e mandou time alternativo para Copa do Nordeste"},"2253621":{"titulo":"Medo de agravar les\u00e3o deve tirar Neymar da estreia do Santos","link":"https:\/\/www.futebolinterior.com.br\/medo-de-agravar-lesao-deve-tirar-neymar-da-estreia-do-santos\/","chapeu":"PREOCUPA\u00c7\u00c3O","data":"26\/03\/2025","imagem":"https:\/\/images.futebolinterior.com.br\/2025\/03\/Screenshot_1-8-300x180.jpg","resumo":"Neymar dificilmente estar\u00e1 em S\u00e3o Janu\u00e1rio no domingo, na largada do Brasileir\u00e3o"},"2253592":{"titulo":"Jorge \u00e9 apresentado no Gr\u00eamio e promete lutar pela titularidade","link":"https:\/\/www.futebolinterior.com.br\/jorge-e-apresentado-no-gremio\/","chapeu":"CONFIANTE!","data":"26\/03\/2025","imagem":"https:\/\/images.futebolinterior.com.br\/2025\/03\/Jorge-chega-ao-Gremio-falando-em-brigar-por-titularidade-300x186.jpg","resumo":"O refor\u00e7o do Gr\u00eamio admitiu que respeitar\u00e1 a hierarquia de Tiago Volpi e Gabriel Grando"},"2253578":{"titulo":"Representado pela Casa Soccer, Edson Guilherme \u00e9 apresentado no Mirassol","link":"https:\/\/www.futebolinterior.com.br\/mirassol-anuncia-edson-guilherme\/","chapeu":"CONTRATADO","data":"26\/03\/2025","imagem":"https:\/\/images.futebolinterior.com.br\/2025\/03\/image-350-300x252.png","resumo":"O jogador chega ao Mirassol por meio de seu representante, o empres\u00e1rio Lu\u00eds Carvalho, da Casa Soccer, e assinou contrato com o clube at\u00e9 o final do Paulist\u00e3o de 2026"},"2253187":{"titulo":"Ex-Ponte Preta e Corinthians \u00e9 preso ap\u00f3s agredir idoso em S\u00e3o Paulo","link":"https:\/\/www.futebolinterior.com.br\/ex-ponte-preta-e-corinthians-preso\/","chapeu":"VIOL\u00caNCIA","data":"25\/03\/2025","imagem":"https:\/\/images.futebolinterior.com.br\/2025\/03\/Regis-300x191.jpg","resumo":"O ex-jogador R\u00e9gis Pitbull foi flagrado agredindo um idoso na manh\u00e3 desta ter\u00e7a-feira"},"2253156":{"titulo":"Ava\u00ed conquista t\u00edtulo, ga\u00fachos de olho no Brasileir\u00e3o e deu empate na primeira final do paranaense","link":"https:\/\/www.futebolinterior.com.br\/avai-conquista-titulo-catarinense\/","chapeu":"COLUNA","data":"25\/03\/2025","imagem":"https:\/\/images.futebolinterior.com.br\/2025\/03\/007-FI-25.02.2025-300x200.jpeg","resumo":"Cenas lament\u00e1veis num ambiente que os protagonistas do espet\u00e1culo sejam exemplo, sem agress\u00f5es e dentro do fair play"},"2252959":{"titulo":"Gr\u00eamio lan\u00e7a uniforme em homenagem aos anos 90","link":"https:\/\/www.futebolinterior.com.br\/gremio-lanca-uniforme-em-homenagem-aos-anos-90\/","chapeu":"NOVIDADE","data":"25\/03\/2025","imagem":"https:\/\/images.futebolinterior.com.br\/2025\/03\/image-333-300x193.png","resumo":"A camisa 1 da Umbro ser\u00e1 utilizada no Campeonato Brasileiro, Copa do Brasil e Copa Sul-Americana na temporada"},"2252915":{"titulo":"Dirigente do S\u00e3o Paulo diz que d\u00edvida subiu para R$ 900 milh\u00f5es","link":"https:\/\/www.futebolinterior.com.br\/sao-paulo-tem-divida-de-900-milhoes\/","chapeu":"COMPLICADO","data":"25\/03\/2025","imagem":"https:\/\/images.futebolinterior.com.br\/2025\/03\/image-331-300x230.png","resumo":"Ao menos \u00e9 o que antecipa M\u00e1rcio Carlomagno, superintendente geral do clube, nesta semana. Ser\u00e1 o segundo ano em que o time registra um aumento nesses valores"},"2252872":{"titulo":"Mirassol anuncia Matheus Bianqui: 'Juntos para fazer hist\u00f3ria na S\u00e9rie A'","link":"https:\/\/www.futebolinterior.com.br\/mirassol-anuncia-matheus-bianqui-juntos-para-fazer-historia-na-serie-a\/","chapeu":"FECHADO!","data":"25\/03\/2025","imagem":"https:\/\/images.futebolinterior.com.br\/2025\/03\/mirassol.avif","resumo":"O primeiro desafio do Mirassol na S\u00e9rie A acontece no pr\u00f3ximo s\u00e1bado, \u00e0s 18h30, contra o Cruzeiro, no Mineir\u00e3o.\u00a0"}}