{"2254097":{"titulo":"Mirassol tem desfalques e d\u00favidas para estreia diante do Cruzeiro","link":"https:\/\/www.futebolinterior.com.br\/mirassol-tem-desfalques-e-duvidas-para-estreia-diante-do-cruzeiro\/","chapeu":"ESTREIA","data":"27\/03\/2025","imagem":"https:\/\/images.futebolinterior.com.br\/2025\/03\/imagem_2025-03-27_163935155-300x210.png","resumo":"Estreante no Campeonato Brasileiro em 2025, ano de seu Centen\u00e1rio, o Mirassol faz seu primeiro jogo neste s\u00e1bado (29), diante do Cruzeiro"},"2253974":{"titulo":"Ceni prev\u00ea Bahia com calend\u00e1rio pesado: \"Preocupa at\u00e9 junho\"","link":"https:\/\/www.futebolinterior.com.br\/ceni-bahia-calendario-pesado-junho\/","chapeu":"DESGASTE","data":"27\/03\/2025","imagem":"https:\/\/images.futebolinterior.com.br\/2025\/03\/rogerio-ceni-sequencia-pesada-bahia-300x199.jpg","resumo":"Comandante do Bahia reconhece sequ\u00eancia desgastante vivida pela equipe, destacando import\u00e2ncia dos pr\u00f3ximos jogos"},"2253965":{"titulo":"T\u00e9cnico do Fortaleza admite fase ruim: \"Sabemos nosso problema\"","link":"https:\/\/www.futebolinterior.com.br\/tecnico-fortaleza-admite-fase-ruim\/","chapeu":"NEGATIVO","data":"27\/03\/2025","imagem":"https:\/\/images.futebolinterior.com.br\/2025\/03\/vojvoda-fase-ruim-fortaleza-300x214.jpg","resumo":"Fortaleza acumula quatro partidas sem vencer pela segunda vez em 2025, agora \u00e0s v\u00e9speras da estreia no Brasileir\u00e3o"},"2253263":{"titulo":"Auxiliar do Sport minimiza derrota na Copa do Nordeste e foca na S\u00e9rie A: \"Estamos prontos\"","link":"https:\/\/www.futebolinterior.com.br\/auxiliar-sport-foca-serie-a\/","chapeu":"MUDAN\u00c7A","data":"27\/03\/2025","imagem":"https:\/\/images.futebolinterior.com.br\/2025\/03\/interino-samuel-azevedo-mudanca-foco-sport-300x200.jpg","resumo":"Sport encerrou fase de grupos do Nordest\u00e3o com rev\u00e9s frente ao Altos, ficando na vice-lideran\u00e7a da chave"},"2253966":{"titulo":"Guarani confirma sa\u00edda de Yan Henrique para o Internacional","link":"https:\/\/www.futebolinterior.com.br\/guarani-confirma-saida-de-yan-henrique-para-o-internacional\/","chapeu":"FEITO!","data":"27\/03\/2025","imagem":"https:\/\/images.futebolinterior.com.br\/2025\/03\/YAN-300x200.jpeg","resumo":"O Guarani estreia na S\u00e9rie C contra o Maring\u00e1, no est\u00e1dio Brinco de Ouro."},"2253951":{"titulo":"Palacios sofre nova les\u00e3o e desfalca o Atl\u00e9tico-MG no in\u00edcio do Brasileir\u00e3o","link":"https:\/\/www.futebolinterior.com.br\/palacios-sofre-nova-lesao-e-desfalca-o-atletico-mg-no-inicio-do-brasileirao\/","chapeu":"FORA!","data":"27\/03\/2025","imagem":"https:\/\/images.futebolinterior.com.br\/2025\/03\/PALACIOS.avif","resumo":"O Atl\u00e9tico entra em campo no pr\u00f3ximo s\u00e1bado, \u00e0s 18h30, para enfrentar o Gr\u00eamio, na Arena do Gr\u00eamio, em Porto Alegre."},"2253938":{"titulo":"Bahia recusa oferta milion\u00e1ria de clube \u00e1rabe por Erick Pulga","link":"https:\/\/www.futebolinterior.com.br\/bahia-recusa-oferta-milionaria-de-clube-arabe-por-erick-pulga\/","chapeu":"FICA!","data":"27\/03\/2025","imagem":"https:\/\/images.futebolinterior.com.br\/2025\/03\/erik-300x168.jpeg","resumo":"A estreia do Bahia no Campeonato Brasileiro ser\u00e1 diante do Corinthians, no pr\u00f3ximo domingo, \u00e0s 20h, na Arena Fonte Nova"},"2253915":{"titulo":"Renato Ga\u00facho refor\u00e7a sonho de treinar a sele\u00e7\u00e3o brasileira","link":"https:\/\/www.futebolinterior.com.br\/renato-sonha-em-treinar-a-selecao\/","chapeu":"AGORA VAI?","data":"27\/03\/2025","imagem":"https:\/\/images.futebolinterior.com.br\/2025\/03\/Renato-Gaucho-reforca-desejo-de-assumir-a-selecao-300x208.png","resumo":"Renato tamb\u00e9m teve o nome ventilado para trabalhar \u00e0 frente da sele\u00e7\u00e3o brasileira em 2019"},"2253817":{"titulo":"Governo Federal apresenta iniciativa para combate ao racismo no esporte","link":"https:\/\/www.futebolinterior.com.br\/governo-federal-apresenta-iniciativa-para-combate-ao-racismo-no-esporte\/","chapeu":"OPA!","data":"27\/03\/2025","imagem":"https:\/\/images.futebolinterior.com.br\/2025\/03\/Captura-de-Tela-2025-03-27-as-00.09.11-300x163.png","resumo":"A parceria tamb\u00e9m prev\u00ea a mobiliza\u00e7\u00e3o de embaixadores e porta-vozes para combater discursos de \u00f3dio e fomentar um ambiente esportivo mais inclusivo."},"2253813":{"titulo":"Palmeiras vai inaugurar setor no Allianz Parque com ingressos mais baratos","link":"https:\/\/www.futebolinterior.com.br\/palmeiras-vai-inaugurar-setor-no-allianz-parque-com-ingressos-mais-baratos\/","chapeu":"VEJA!","data":"27\/03\/2025","imagem":"https:\/\/images.futebolinterior.com.br\/2025\/03\/allianz-parque-1.jpg-300x125.webp","resumo":"O primeiro jogo com a nova capacidade ser\u00e1 a estreia do Brasileir\u00e3o contra o Botafogo, no pr\u00f3ximo domingo, \u00e0s 16h."}}