{"2254620":{"titulo":"Vit\u00f3ria fez \u00faltimo trabalho antes de estreia no Brasileir\u00e3o; veja escala\u00e7\u00e3o","link":"https:\/\/www.futebolinterior.com.br\/vitoria-fez-ultimo-trabalho-juventude\/","chapeu":"FINALIZOU","data":"28\/03\/2025","imagem":"https:\/\/images.futebolinterior.com.br\/2025\/03\/Thiago-Carpini-300x200.jpg","resumo":"\nO Vit\u00f3ria seguiu sua programa\u00e7\u00e3o nesta sexta-feira (28) com os \u00faltimos ajustes antes da viagem para Caxias do Sul"},"2254599":{"titulo":"BRASILEIR\u00c3O: Torneio com calend\u00e1rio ruim come\u00e7a com confronto direto entre campe\u00e3o e vice","link":"https:\/\/www.futebolinterior.com.br\/brasileirao-torneio-com-calendario-ruim-comeca-com-confronto-direto-entre-campeao-e-vice\/","chapeu":"OPA!","data":"28\/03\/2025","imagem":"https:\/\/images.futebolinterior.com.br\/2025\/03\/Serie_A-300x169.jpg","resumo":"O destaque deste fim de semana ser\u00e1 no domingo, com um cl\u00e1ssico de gigantes entre Palmeiras e Botafogo, no Allianz Parque"},"2254560":{"titulo":"Hulk e J\u00fanior Santos embarcam com o Atl\u00e9tico-MG para Porto Alegre","link":"https:\/\/www.futebolinterior.com.br\/hulk-e-junior-santos-embarcam-com-o-atletico-mg-para-porto-alegre\/","chapeu":"DE VOLTA","data":"28\/03\/2025","imagem":"https:\/\/images.futebolinterior.com.br\/2025\/03\/54415892851_92701ef3a4_c-300x200.jpg","resumo":"Hulk e J\u00fanior Santos foram liberados pelo departamento m\u00e9dico mineiro e viajaram para o Rio Grande do Sul"},"2254428":{"titulo":"Fortaleza tem d\u00favidas para estreia diante do Fluminense","link":"https:\/\/www.futebolinterior.com.br\/fortaleza-duvidas-diante-do-fluminense\/","chapeu":"EM ABERTO","data":"28\/03\/2025","imagem":"https:\/\/images.futebolinterior.com.br\/2025\/03\/tinga-duvida-fortaleza-300x192.jpg","resumo":"Fortaleza teve desfalques por les\u00e3o, que podem voltar a ficar \u00e0 disposi\u00e7\u00e3o para o primeiro compromisso pelo Brasileir\u00e3o"},"2254404":{"titulo":"Conhe\u00e7a o quarteto de arbitragem para estreia do Mirassol contra o Cruzeiro","link":"https:\/\/www.futebolinterior.com.br\/confira-arbitragem-mirassol-brasileirao\/","chapeu":"FIQUE POR DENTRO","data":"28\/03\/2025","imagem":"https:\/\/images.futebolinterior.com.br\/2025\/03\/image-375-300x205.png","resumo":"Com v\u00e1rios desfalques e d\u00favidas, o Le\u00e3o da Alta Araraquarense, comandado pelo t\u00e9cnico Rafael Guanaes, dever\u00e1 ir a campo com a seguinte forma\u00e7\u00e3o"},"2254426":{"titulo":"Cear\u00e1 tem cinco desfalques para encarar Red Bull Bragantino","link":"https:\/\/www.futebolinterior.com.br\/ceara-cinco-desfalques-bragantino\/","chapeu":"PROBLEMAS","data":"28\/03\/2025","imagem":"https:\/\/images.futebolinterior.com.br\/2025\/03\/pedro-raul-retorno-ceara-300x200.jpeg","resumo":"Cear\u00e1 tem aus\u00eancias confirmadas por estarem no departamento m\u00e9dico, j\u00e1 a \u00fanica d\u00favida entre os 11 \u00e9 por op\u00e7\u00e3o"},"2254451":{"titulo":"Palmeiras x Botafogo: duelo de \u00faltimos campe\u00f5es marca estreia no Brasileir\u00e3o 2025","link":"https:\/\/www.futebolinterior.com.br\/palmeiras-x-botafogo-brasileirao-2025\/","chapeu":"ESTREIA","data":"28\/03\/2025","imagem":"https:\/\/images.futebolinterior.com.br\/2025\/03\/IMG_8218-300x188.jpeg","resumo":""},"2253997":{"titulo":"Sport tem retorno de Pepa e duas d\u00favidas contra o S\u00e3o Paulo","link":"https:\/\/www.futebolinterior.com.br\/sport-retorno-pepa-duvidas-sao-paulo\/","chapeu":"MIST\u00c9RIO","data":"28\/03\/2025","imagem":"https:\/\/images.futebolinterior.com.br\/2025\/03\/pepa-retorno-sport-300x200.jpg","resumo":"Sport volta a contar com treinador, suspenso no Nordest\u00e3o, e dois atletas podem deixar departamento m\u00e9dico"},"2254249":{"titulo":"Vit\u00f3ria se aproxima da contrata\u00e7\u00e3o de Renato Kayzer, do Fortaleza","link":"https:\/\/www.futebolinterior.com.br\/vitoria-se-aproxima-renato-kayzer\/","chapeu":"SER\u00c1?","data":"27\/03\/2025","imagem":"https:\/\/images.futebolinterior.com.br\/2025\/03\/Vitoria-Renato-Kaizer-300x201.jpg","resumo":"\nLe\u00e3o do Pici encaminha contrata\u00e7\u00e3o de Deyverson e pode liberar atacante para o Rubro-Negro "},"2254080":{"titulo":"Internacional faz acordo com Cruzeiro e Palmeiras para quitar d\u00edvidas","link":"https:\/\/www.futebolinterior.com.br\/internacional-faz-acordo-para-quitar-dividas\/","chapeu":"UFA!","data":"27\/03\/2025","imagem":"https:\/\/images.futebolinterior.com.br\/2025\/03\/Internacional-faz-acordo-para-quitacao-de-debitos-300x200.jpg","resumo":"O Internacional tamb\u00e9m tem dinheiro a receber e espera definir esse acerto para ajudar a planejar o futebol"}}