{"2254733":{"titulo":"Lateral decisivo, Reinaldo lidera novato Mirassol em ano do centen\u00e1rio","link":"https:\/\/www.futebolinterior.com.br\/lateral-decisivo-reinaldo-lidera-novato-mirassol-em-ano-do-centenario\/","chapeu":"L\u00cdDER","data":"28\/03\/2025","imagem":"https:\/\/images.futebolinterior.com.br\/2025\/03\/Screenshot_20-4-300x206.jpg","resumo":""},"2254727":{"titulo":"De volta ao Brasil, Tiago Volpi mostra otimismo com o Gr\u00eamio","link":"https:\/\/www.futebolinterior.com.br\/de-volta-ao-brasil-tiago-volpi-mostra-otimismo-com-o-gremio\/","chapeu":"MOTIVADO","data":"28\/03\/2025","imagem":"https:\/\/images.futebolinterior.com.br\/2025\/03\/Screenshot_19-4-300x231.jpg","resumo":""},"2254683":{"titulo":"Brasileir\u00e3o come\u00e7a com promessa de emo\u00e7\u00f5es e calend\u00e1rio apertado","link":"https:\/\/www.futebolinterior.com.br\/brasileirao-comeca-com-promessa-de-emocoes-e-calendario-apertado\/","chapeu":"VAI FERVER","data":"28\/03\/2025","imagem":"https:\/\/images.futebolinterior.com.br\/2025\/03\/Screenshot_18-4-300x183.jpg","resumo":"Apesar da empolga\u00e7\u00e3o, todos est\u00e3o preocupados com o calend\u00e1rio apertado, embora seu t\u00e9rmino esteja previsto para 21 de dezembro."},"2254697":{"titulo":"Juventude x Vit\u00f3ria - Times querem Brasileir\u00e3o mais tranquilo em 2025","link":"https:\/\/www.futebolinterior.com.br\/juventude-x-vitoria-times-querem-brasileirao-mais-tranquilo-em-2025\/","chapeu":"ESTREIA","data":"28\/03\/2025","imagem":"https:\/\/images.futebolinterior.com.br\/2025\/03\/Screenshot_17-4-300x206.jpg","resumo":"Juventude e Vit\u00f3ria se enfrentam na estreia sonhando mais alto no Brasileir\u00e3o"},"2254696":{"titulo":"Cruzeiro x Mirassol - Raposa quer recome\u00e7o e Le\u00e3o faz jogo hist\u00f3rico","link":"https:\/\/www.futebolinterior.com.br\/cruzeiro-x-mirassol-raposa-quer-recomeco-e-leao-faz-jogo-historico\/","chapeu":"VAI COME\u00c7AR","data":"28\/03\/2025","imagem":"https:\/\/images.futebolinterior.com.br\/2025\/03\/Screenshot_14-4-300x216.jpg","resumo":"Fundado em 1925, o Mirassol viver\u00e1 uma noite hist\u00f3rica ao fazer seu primeiro jogo na elite nacional"},"2254691":{"titulo":"Vit\u00f3ria acerta contrata\u00e7\u00e3o de Renato Kayzer, ex-Fortaleza","link":"https:\/\/www.futebolinterior.com.br\/vitoria-acerta-contratacao-kayzer\/","chapeu":"MERCADO","data":"28\/03\/2025","imagem":"https:\/\/images.futebolinterior.com.br\/2025\/03\/Vitoria-Renato-Kaizer-1-300x201.jpg","resumo":"O atleta chega ao Le\u00e3o da Barra para suprir uma posi\u00e7\u00e3o carente desde o in\u00edcio do ano\n"},"2254637":{"titulo":"Pablo \u00e9 esperan\u00e7a do Sport em 'reencontro especial' com o S\u00e3o Paulo","link":"https:\/\/www.futebolinterior.com.br\/pablo-e-esperanca-do-sport-em-reencontro-especial-com-o-sao-paulo\/","chapeu":"CONHECIDO","data":"28\/03\/2025","imagem":"https:\/\/images.futebolinterior.com.br\/2025\/03\/Screenshot_13-6-300x197.jpg","resumo":"O S\u00e3o Paulo ter\u00e1 um \"inimigo \u00edntimo\" quando entrar em campo neste s\u00e1bado, no MorumBis, na largada do Brasileir\u00e3o"},"2254682":{"titulo":"Gustavo Henrique se destaca e ajuda Corinthians a encerrar jejum no Paulist\u00e3o","link":"https:\/\/www.futebolinterior.com.br\/gustavo-henrique-se-destaca-corinthians\/","chapeu":"VOANDO","data":"28\/03\/2025","imagem":"https:\/\/images.futebolinterior.com.br\/2025\/03\/Gustavo-Henrique-campeao-I-300x200.jpg","resumo":"O Corinthians foi campe\u00e3o paulista pela 31\u00aa vez. O t\u00edtulo veio na noite desta quinta-feira"},"2254652":{"titulo":"S\u00e3o Paulo x Sport - Brasileir\u00e3o vai come\u00e7ar!","link":"https:\/\/www.futebolinterior.com.br\/sao-paulo-x-sport-brasileirao\/","chapeu":"PROMETE","data":"28\/03\/2025","imagem":"https:\/\/images.futebolinterior.com.br\/2025\/03\/SP-300x220.jpg","resumo":"Em casa, no est\u00e1dio Morumbis, diante de seu torcedor, o S\u00e3o Paulo recebe o Sport, em um dos cinco jogos que abrem a primeira rodada, \u00e0s 18h30"},"2254632":{"titulo":"Bahia encara o Corinthians na estreia; confira prov\u00e1vel escala\u00e7\u00e3o","link":"https:\/\/www.futebolinterior.com.br\/bahia-encara-o-corinthians\/","chapeu":"BRASILEIR\u00c3O","data":"28\/03\/2025","imagem":"https:\/\/images.futebolinterior.com.br\/2025\/03\/54415973468_a42c1b892c_c-300x189.jpg","resumo":"\nO Bahia estreia na S\u00e9rie A do Campeonato Brasileiro \u00e0s 20h do pr\u00f3ximo domingo (30)"}}