{"2257073":{"titulo":"Fifa faz 8 horas de testes e libera gramado do Allianz Parque para jogos internacionais","link":"https:\/\/www.futebolinterior.com.br\/fifa-testes-gramado-allianz-palmeiras\/","chapeu":"OLHA S\u00d3","data":"02\/04\/2025","imagem":"https:\/\/images.futebolinterior.com.br\/2025\/04\/PAlmeiras-300x156.jpg","resumo":"O Allianz Parque poder\u00e1 receber os jogos do Palmeiras de todas as competi\u00e7\u00f5es, nacionais e internacionais"},"2257093":{"titulo":"Gr\u00eamio lan\u00e7a tour especial para pessoas com autismo na Arena","link":"https:\/\/www.futebolinterior.com.br\/gremio-lanca-tour-especial\/","chapeu":"A\u00c7\u00c3O","data":"02\/04\/2025","imagem":"https:\/\/images.futebolinterior.com.br\/2025\/04\/lg-noticias-gra-mio-promove-tour-na-arena-com-condia-a-es-especiais-para-celebrar-o-dia-mundial-de-conscientizaa-a-o-do-autismo-42796-300x169.jpg","resumo":"\nGr\u00eamio e a Arena anunciaram a cria\u00e7\u00e3o de um tour especial voltado para pessoas com Transtorno do Espectro Autista (TEA)"},"2257000":{"titulo":"Cear\u00e1 defende retrospecto positivo contra o Gr\u00eamio como mandante","link":"https:\/\/www.futebolinterior.com.br\/ceara-retrospecto-gremio-mandante\/","chapeu":"BOA FASE","data":"02\/04\/2025","imagem":"https:\/\/images.futebolinterior.com.br\/2025\/04\/ceara-gremio-brasileiro-2021-300x200.jpg","resumo":"Cear\u00e1 levou a melhor em praticamente metade dos jogos oficiais que fez, como anfitri\u00e3o, frente \u00e0 equipe ga\u00facha"},"2256829":{"titulo":"Neymar completa um m\u00eas sem jogar, acumulando pol\u00eamicas fora de campo","link":"https:\/\/www.futebolinterior.com.br\/neymar-completa-um-mes-sem-jogar\/","chapeu":"DE MOLHO","data":"02\/04\/2025","imagem":"https:\/\/images.futebolinterior.com.br\/2025\/04\/Neymar-completa-um-mes-sem-jogar-com-polemicas-extra-campo-300x193.png","resumo":"Neymar deixou o gramado na partida contra o Bragantino acusando uma les\u00e3o na coxa esquerda"},"2256862":{"titulo":"Aderlan se recupera e est\u00e1 pr\u00f3ximo de retorno ao Santos","link":"https:\/\/www.futebolinterior.com.br\/aderlan-proximo-retorno-ao-santos\/","chapeu":"RETA FINAL","data":"02\/04\/2025","imagem":"https:\/\/images.futebolinterior.com.br\/2025\/04\/image-24-300x198.png","resumo":"Aderlan sofreu uma entorse no joelho esquerdo em julho do ano passado, em partida contra o Ituano, pela S\u00e9rie B do Campeonato Brasileiro, e sofreu uma les\u00e3o no ligamento"},"2256709":{"titulo":"Endrick corresponde a 40% dos R$ 440 mi arrecadados pelo Palmeiras com vendas","link":"https:\/\/www.futebolinterior.com.br\/endrick-corresponde-a-40-palmeiras\/","chapeu":"RELAT\u00d3RIO","data":"01\/04\/2025","imagem":"https:\/\/images.futebolinterior.com.br\/2025\/04\/Endrick-300x200.jpg","resumo":"Depois de receber R$ 23 milh\u00f5es do time espanhol ao longo de 2023, o clube palmeirense embolsou mais R$ 172,7 milh\u00f5es em ganhos l\u00edquidos"},"2256715":{"titulo":"Luto! Morre ex-jogador Leandro Domingues, \u00eddolo do Vit\u00f3ria","link":"https:\/\/www.futebolinterior.com.br\/luto-morre-ex-jogador-leandro-domingues\/","chapeu":"LUTO!","data":"01\/04\/2025","imagem":"https:\/\/images.futebolinterior.com.br\/2025\/04\/Leandro-Domingues-300x200.jpg","resumo":"\nCriado na base do Vit\u00f3ria, Leandro surgiu para o futebol profissional em 2006\n"},"2256041":{"titulo":"T\u00e9cnico do Cear\u00e1 considera estreia oscilante: \"Jogo cheio de altern\u00e2ncias\"","link":"https:\/\/www.futebolinterior.com.br\/tecnico-ceara-estreia-oscilante\/","chapeu":"AVALIA\u00c7\u00c3O","data":"01\/04\/2025","imagem":"https:\/\/images.futebolinterior.com.br\/2025\/04\/leo-conde-estreia-oscilante-ceara-300x200.jpg","resumo":"Cear\u00e1 sai \u00e0 frente diante do Red Bull Bragantino, mas cede empate, mesmo fora de casa, e faz dois tempos distintos"},"2256567":{"titulo":"Palmeiras x Corinthians: pedido de mudan\u00e7a para Barueri se deve a shows","link":"https:\/\/www.futebolinterior.com.br\/palmeiras-x-corinthians-pedido-de-mudanca-para-barueri-se-deve-a-shows\/","chapeu":"DE NOVO","data":"01\/04\/2025","imagem":"https:\/\/images.futebolinterior.com.br\/2025\/04\/Screenshot_9-300x196.jpg","resumo":"O Palmeiras pediu \u00e0 CBF altera\u00e7\u00e3o do local do cl\u00e1ssico com o Corinthians pelo Brasileir\u00e3o"},"2256522":{"titulo":"Seabra promete postura agressiva do Bragantino contra Fluminense","link":"https:\/\/www.futebolinterior.com.br\/seabra-promete-postura-agressiva-do-bragantino-contra-fluminense\/","chapeu":"SER\u00c1?","data":"01\/04\/2025","imagem":"https:\/\/images.futebolinterior.com.br\/2025\/04\/Captura-de-Tela-2025-04-01-as-16.23.31-300x218.png","resumo":"Com um ponto na tabela, o Bragantino busca sua primeira vit\u00f3ria no Brasileir\u00e3o e um desempenho mais equilibrado na sequ\u00eancia da competi\u00e7\u00e3o."}}