{"2257627":{"titulo":"Abel Ferreira entra em rota de colis\u00e3o com a torcida do Palmeiras ap\u00f3s cr\u00edticas","link":"https:\/\/www.futebolinterior.com.br\/abel-ferreira-entra-em-rota-de-colisao-com-a-torcida-apos-criticas\/","chapeu":"CUTUCOU","data":"03\/04\/2025","imagem":"https:\/\/images.futebolinterior.com.br\/2025\/04\/54427372668_3c1df128f6_o-300x169.jpg","resumo":"\"Nos dois anos em que fomos campe\u00f5es (brasileiros) n\u00e3o vi os nossos torcedores cantando isso durante o ano\", cutucou Abel"},"2257620":{"titulo":"Presidente e ex-diretores do Corinthians s\u00e3o intimados a depor no caso Vai de Bet","link":"https:\/\/www.futebolinterior.com.br\/presidente-e-ex-diretores-do-corinthians-sao-intimados-a-depor-no-caso-vai-de-bet\/","chapeu":"INVESTIGADO","data":"03\/04\/2025","imagem":"https:\/\/images.futebolinterior.com.br\/2025\/04\/Screenshot_122-300x183.jpg","resumo":"Em meio ao risco de impeachment no Parque S\u00e3o Jorge, Augusto Melo ter\u00e1 de passar por mais um cap\u00edtulo na investiga\u00e7\u00e3o do caso Vai de Bet"},"2257467":{"titulo":"Cear\u00e1 deve ter baixa de volante por mais tr\u00eas meses","link":"https:\/\/www.futebolinterior.com.br\/ceara-baixa-volante-mais-tres-meses\/","chapeu":"PROBLEMA","data":"03\/04\/2025","imagem":"https:\/\/images.futebolinterior.com.br\/2025\/04\/richardson-desfalque-ceara-300x200.jpg","resumo":"Cear\u00e1 estreou na S\u00e9rie A com quatro desfalques e um destes foi o cabe\u00e7a de \u00e1rea, que pode ser o \u00fanico brevemente"},"2257434":{"titulo":"S\u00e3o Paulo v\u00ea d\u00edvida explodir em mais de R$ 400 milh\u00f5es em 4 anos","link":"https:\/\/www.futebolinterior.com.br\/sao-paulo-ve-divida-explodir-em-mais-de-r-400-milhoes-em-4-anos\/","chapeu":"PROBLEM\u00c3O","data":"03\/04\/2025","imagem":"https:\/\/images.futebolinterior.com.br\/2025\/04\/Screenshot_4-1-300x173.jpg","resumo":"S\u00e3o Paulo deve apresentar um passivo total de R$ 968,2 milh\u00f5es no balan\u00e7o referente ao ano de 2024 que ser\u00e1 divulgado neste m\u00eas"},"2257396":{"titulo":"Fluminense fecha com Renato Ga\u00facho, que retorna ap\u00f3s 11 anos","link":"https:\/\/www.futebolinterior.com.br\/fluminense-fecha-com-renato-gaucho\/","chapeu":"DE VOLTA!","data":"03\/04\/2025","imagem":"https:\/\/images.futebolinterior.com.br\/2025\/04\/Screenshot_2-300x203.jpg","resumo":"Velho conhecido da torcida, Renato Ga\u00facho acertou seu retorno ao Fluminense, embora o an\u00fancio oficial ainda ser\u00e1 feito"},"2257367":{"titulo":"Corinthians sente impacto de maratona com elenco 'baleado'","link":"https:\/\/www.futebolinterior.com.br\/corinthians-sente-impacto-de-maratona-com-elenco-baleado\/","chapeu":"COMPLICADO","data":"03\/04\/2025","imagem":"https:\/\/images.futebolinterior.com.br\/2025\/04\/Screenshot_1-300x220.jpg","resumo":"A derrota do Corinthians para o Hurac\u00e1n na Sul-Americana evidenciou o desgaste do elenco"},"2257280":{"titulo":"Neymar 'presta conta' e manda recado: 'Trabalhe duro e em sil\u00eancio'","link":"https:\/\/www.futebolinterior.com.br\/neymar-presta-conta-e-manda-recado-trabalhe-duro-e-em-silencio\/","chapeu":"RECADO","data":"03\/04\/2025","imagem":"https:\/\/images.futebolinterior.com.br\/2025\/04\/Neymar-instagram-1.jpg","resumo":"\"A felicidade incomoda demais. Sigo me recuperando, trabalhando. Trabalhe duro e em sil\u00eancio para que o seu sucesso fa\u00e7a barulho\", escreveu."},"2257110":{"titulo":"S\u00e3o Paulo apresentar\u00e1 balan\u00e7o com d\u00e9ficit de R$ 287 mi, mas d\u00edvida n\u00e3o chega a R$ 1 bilh\u00e3o","link":"https:\/\/www.futebolinterior.com.br\/sao-paulo-apresentara-balanco-com-deficit-de-r-287-mi-mas-divida-nao-chega-a-r-1-bilhao\/","chapeu":"PREOCUPANTE","data":"02\/04\/2025","imagem":"https:\/\/images.futebolinterior.com.br\/2025\/04\/Screenshot_478-300x184.jpg","resumo":"O d\u00e9ficit anual \u00e9 de R$ 287 milh\u00f5es, enquanto a d\u00edvida total ficou em R$ 968,2 milh\u00f5es."},"2257156":{"titulo":"Comiss\u00e3o da sele\u00e7\u00e3o prepara relat\u00f3rio de desempenho de jogadores para o novo t\u00e9cnico","link":"https:\/\/www.futebolinterior.com.br\/comissao-da-selecao-prepara-relatorio-de-desempenho-de-jogadores-para-o-novo-tecnico\/","chapeu":"SELE\u00c7\u00c3O","data":"02\/04\/2025","imagem":"https:\/\/images.futebolinterior.com.br\/2025\/04\/54407464148_f6e325f1c2_c-1-300x195.jpg","resumo":"A comiss\u00e3o t\u00e9cnica da sele\u00e7\u00e3o brasileira segue acompanhando de perto o desempenho dos principais jogadores nacionais"},"2257116":{"titulo":"FPF acata MP e pro\u00edbe organizadas do Corinthians em S\u00e3o Paulo at\u00e9 o fim do ano","link":"https:\/\/www.futebolinterior.com.br\/fpf-acata-mp-e-proibe-organizadas-do-corinthians-em-sao-paulo-ate-o-fim-do-ano\/","chapeu":"PROIBIDO","data":"02\/04\/2025","imagem":"https:\/\/images.futebolinterior.com.br\/2025\/04\/Screenshot_477-300x199.jpg","resumo":"O veto, v\u00e1lido at\u00e9 o final de 2025, \u00e9 uma puni\u00e7\u00e3o em raz\u00e3o dos sinalizadores que foram acesos e atirados ao gramado durante a final do Paulist\u00e3o"}}