{"2256474":{"titulo":"Soteldo treina e refor\u00e7a o Santos; Neymar faz fortalecimento","link":"https:\/\/www.futebolinterior.com.br\/soteldo-treina-e-reforca-o-santos-neymar-faz-fortalecimento\/","chapeu":"PREPARA\u00c7\u00c3O","data":"01\/04\/2025","imagem":"https:\/\/images.futebolinterior.com.br\/2025\/04\/Screenshot_6-300x216.jpg","resumo":"Yeferson Soteldo se reapresentou com os companheiros, nesta ter\u00e7a-feira, no CT Rei Pel\u00e9"},"2256419":{"titulo":"Sul-Americana: Hugo Souza sofre les\u00e3o e desfalca Corinthians na estreia","link":"https:\/\/www.futebolinterior.com.br\/sul-americana-hugo-souza-sofre-lesao-e-desfalca-corinthians-na-estreia\/","chapeu":"PROBLEMA","data":"01\/04\/2025","imagem":"https:\/\/images.futebolinterior.com.br\/2025\/04\/Screenshot_4-300x208.jpg","resumo":"Um dos pilares do elenco corintiano, o goleiro Hugo Souza virou problema de \u00faltima hora"},"2256400":{"titulo":"Entenda les\u00e3o que vai tirar Garro do Corinthians por tempo indeterminado","link":"https:\/\/www.futebolinterior.com.br\/entenda-lesao-que-vai-tirar-garro-do-corinthians-por-tempo-indeterminado\/","chapeu":"AQUI!","data":"01\/04\/2025","imagem":"https:\/\/images.futebolinterior.com.br\/2025\/04\/garro-300x197.webp","resumo":"O camisa 8 do Corinthians foi diagnosticado com uma\u00a0tendinopatia patelar. Ele sofre com o problema desde a reta final de 2024"},"2256371":{"titulo":"Pol\u00edcia cumpre mandados de pris\u00e3o por ataque a \u00f4nibus com cruzeirenses","link":"https:\/\/www.futebolinterior.com.br\/policia-cumpre-mandados-de-prisao-por-ataque-a-onibus-com-cruzeirenses\/","chapeu":"10 MANDADOS","data":"01\/04\/2025","imagem":"https:\/\/images.futebolinterior.com.br\/2025\/04\/Emboscada-768x459-1-300x179.jpg","resumo":"Pol\u00edcia Civil deflagrou opera\u00e7\u00e3o para cumprir dez mandados de pris\u00e3o contra envolvidos no ataque da Mancha Alviverde"},"2256381":{"titulo":"'Neymar volta a dar problema no Brasil', destaca jornal, ap\u00f3s ida \u00e0 Kings League","link":"https:\/\/www.futebolinterior.com.br\/neymar-volta-a-dar-problema-no-brasil-destaca-jornal-apos-ida-a-kings-league\/","chapeu":"CRESCEU?","data":"01\/04\/2025","imagem":"https:\/\/images.futebolinterior.com.br\/2025\/04\/neymar-300x187.webp","resumo":"O atacante continua como desfalque do Santos nas pr\u00f3ximas rodadas do Brasileir\u00e3o"},"2256391":{"titulo":"Luiz Henrique acompanha jogo do Botafogo pelo celular e refor\u00e7a la\u00e7o com o clube","link":"https:\/\/www.futebolinterior.com.br\/luiz-henrique-acompanha-jogo-do-botafogo-pelo-celular-e-reforca-laco-com-o-clube\/","chapeu":"AMOR?","data":"01\/04\/2025","imagem":"https:\/\/images.futebolinterior.com.br\/2025\/04\/luiz-henrique-300x200.jpeg","resumo":"No mesmo dia do duelo entre Botafogo e Palmeiras, Luiz Henrique esteve em campo pelo Zenit,"},"2256255":{"titulo":"Paulistas decepcionam na abertura do Brasileir\u00e3o 2025","link":"https:\/\/www.futebolinterior.com.br\/paulistas-decepcionam-na-abertura-do-brasileirao-2025\/","chapeu":"S\u00c9RGIO CARVALHO","data":"31\/03\/2025","imagem":"https:\/\/images.futebolinterior.com.br\/2025\/03\/sao-paulo-sport-SCR-1-300x179.jpg","resumo":"Palmeiras, S\u00e3o Paulo, Corinthians e Santos fizeram exibi\u00e7\u00f5es surpreendentemente ruins e n\u00e3o justificaram o alto custo de seus elencos. "},"2256265":{"titulo":"Abel se desculpa ap\u00f3s bronca na torcida do Palmeiras: 'Nunca esquecerei o que fizeram por mim'","link":"https:\/\/www.futebolinterior.com.br\/abel-se-desculpa-torcida-palmeiras\/","chapeu":"DESCULPAS","data":"31\/03\/2025","imagem":"https:\/\/images.futebolinterior.com.br\/2025\/03\/Abel-1-300x157.jpg","resumo":"Por isso, Abel Ferreira fez uma publica\u00e7\u00e3o nas redes sociais para se retratar com a torcida do Palmeiras"},"2256197":{"titulo":"Times que estrearam com o p\u00e9 direito dominam Sele\u00e7\u00e3o FI da 1\u00aa rodada do Brasileir\u00e3o","link":"https:\/\/www.futebolinterior.com.br\/selecao-fi-1-a-rodada-brasileirao\/","chapeu":"OS MELHORES","data":"31\/03\/2025","imagem":"https:\/\/images.futebolinterior.com.br\/2025\/03\/Vasco-1-300x196.jpg","resumo":"Como n\u00e3o poderia ser diferente, os times que estrearam com o p\u00e9 direito, acabaram dominando a tradicional Sele\u00e7\u00e3o FI desta primeira rodada do Brasileir\u00e3o"},"2256209":{"titulo":"Red Bull Bragantino 2 x 2 Cear\u00e1 - Massa Bruta marca no fim e salva estreia no Brasileiro","link":"https:\/\/www.futebolinterior.com.br\/red-bull-bragantino-2-x-2-ceara-massa-bruta-marca-no-fim-e-salva-estreia-no-brasileiro\/","chapeu":"NOS ACR\u00c9SCIMOS","data":"31\/03\/2025","imagem":"https:\/\/images.futebolinterior.com.br\/2025\/03\/54422946296_193d7a5a50_o-300x275.jpg","resumo":"O gol de empate saiu aos 47 minutos do segundo tempo"}}