{"2257995":{"titulo":"Mirassol oficializa zagueiro Gabriel Knesowitsch e devolve ex-Palmeiras ao Cuiab\u00e1","link":"https:\/\/www.futebolinterior.com.br\/mirassol-oficializa-zagueiro-gabriel-knesowitsch-e-devolve-ex-palmeiras-ao-cuiaba\/","chapeu":"CHEGOU!","data":"04\/04\/2025","imagem":"https:\/\/images.futebolinterior.com.br\/2025\/04\/mirassol.avif","resumo":"O pr\u00f3ximo compromisso do Mirassol ser\u00e1 neste domingo (6), \u00e0s 18h30, contra o Fortaleza, no est\u00e1dio Jos\u00e9 Maria de Campos Maia,"},"2257943":{"titulo":"Renato Ga\u00facho arma Fluminense com 'alegria e coragem' e diz que n\u00e3o foi procurado pela sele\u00e7\u00e3o","link":"https:\/\/www.futebolinterior.com.br\/renato-gaucho-arma-fluminense-com-alegria-e-coragem-e-diz-que-nao-foi-procurado-pela-selecao\/","chapeu":"CHEGOU","data":"04\/04\/2025","imagem":"https:\/\/images.futebolinterior.com.br\/2025\/04\/54430685605_d326958a16_c-300x169.jpg","resumo":"Come\u00e7ou nesta sexta-feira a s\u00e9tima passagem de Renato Ga\u00facho como treinador do Fluminense"},"2257977":{"titulo":"Cear\u00e1 x Gr\u00eamio - Tricolor quer confirmar o bom in\u00edcio de Brasileir\u00e3o","link":"https:\/\/www.futebolinterior.com.br\/ceara-x-gremio-tricolor-quer-confirmar-o-bom-inicio-de-brasileirao\/","chapeu":"JOG\u00c3O!","data":"04\/04\/2025","imagem":"https:\/\/images.futebolinterior.com.br\/2025\/04\/GREMIO-300x169.jpeg","resumo":"O jogo ser\u00e1 neste s\u00e1bado, \u00e0s 18h30, na Arena Castel\u00e3o, em Fortaleza, pela 2\u00aa rodada"},"2257807":{"titulo":"Sport x Palmeiras - Times buscam primeira vit\u00f3ria no Brasileir\u00e3o","link":"https:\/\/www.futebolinterior.com.br\/sport-palmeiras-brasileirao\/","chapeu":"EM COMUM","data":"04\/04\/2025","imagem":"https:\/\/images.futebolinterior.com.br\/2025\/04\/sport-palmeiras-brasileirao-2021-300x214.jpg","resumo":"Sport vem motivado por tri do Estadual, diante de sua torcida, j\u00e1 Verd\u00e3o chega embalado por vencer na Libertadores"},"2257953":{"titulo":"Santos x Bahia: press\u00e3o na Vila e duelo de promessas em xeque","link":"https:\/\/www.futebolinterior.com.br\/santos-x-bahia\/","chapeu":"CONFRONTO ","data":"04\/04\/2025","imagem":"https:\/\/images.futebolinterior.com.br\/2025\/04\/IMG_8388-300x240.jpeg","resumo":""},"2257899":{"titulo":"Atl\u00e9tico-MG x S\u00e3o Paulo: Duelo marcado por reencontro entre ex-companheiros","link":"https:\/\/www.futebolinterior.com.br\/atletico-mg-x-sao-paulo\/","chapeu":"CONFRONTO","data":"04\/04\/2025","imagem":"https:\/\/images.futebolinterior.com.br\/2025\/04\/spfc-atl-300x180.jpg","resumo":""},"2257797":{"titulo":"Sport ganha refor\u00e7os diante do Palmeiras","link":"https:\/\/www.futebolinterior.com.br\/sport-ganha-reforcos-palmeiras\/","chapeu":"NOVIDADES","data":"04\/04\/2025","imagem":"https:\/\/images.futebolinterior.com.br\/2025\/04\/igor-carius-desfalca-sport-final-300x200.jpg","resumo":"Sport conta com dois retornos, sendo apenas um esperado para ocupar uma vaga entre os 11 iniciais contra o Verd\u00e3o"},"2257795":{"titulo":"Cear\u00e1 encerra prepara\u00e7\u00e3o com d\u00favida; veja escala\u00e7\u00e3o","link":"https:\/\/www.futebolinterior.com.br\/ceara-encerra-duvida-escalacao\/","chapeu":"EM ABERTO","data":"04\/04\/2025","imagem":"https:\/\/images.futebolinterior.com.br\/2025\/04\/fernandinho-cotado-titular-ceara-300x251.jpg","resumo":"Cear\u00e1 continua com mesmos desfalques da estreia, contra o Red Bull Bragantino, para confronto diante do Gr\u00eamio"},"2257769":{"titulo":"BRASILEIR\u00c3O: Botafogo estreia em casa, Corinthians busca recupera\u00e7\u00e3o e Gr\u00eamio visita o Cear\u00e1","link":"https:\/\/www.futebolinterior.com.br\/brasileirao-botafogo-estreia-em-casa-corinthians-busca-recuperacao-e-gremio-visita-o-ceara\/","chapeu":"OPA!","data":"04\/04\/2025","imagem":"https:\/\/images.futebolinterior.com.br\/2025\/04\/corinthians-1-300x166.jpeg","resumo":"O Placar Ao Vivo do Portal Futebol Interior acompanha todos os jogos do Brasileir\u00e3o"},"2257672":{"titulo":"Vit\u00f3ria lan\u00e7a novo uniforme para a temporada 2025; veja fotos","link":"https:\/\/www.futebolinterior.com.br\/vitoria-lanca-novo-uniforme\/","chapeu":"CHEGOU","data":"03\/04\/2025","imagem":"https:\/\/images.futebolinterior.com.br\/2025\/04\/WhatsApp-Image-2025-04-03-at-19.55.15-300x200.jpeg","resumo":"\nA campanha de lan\u00e7amento destaca a rela\u00e7\u00e3o afetiva entre torcedores e o clube desde a inf\u00e2ncia\n"}}