{"2260641":{"titulo":"Advogada registra den\u00fancia contra Payet, do Vasco, por agress\u00e3o f\u00edsica e psicol\u00f3gica","link":"https:\/\/www.futebolinterior.com.br\/advogada-denuncia-payet-vasco-agressao\/","chapeu":"EITA","data":"10\/04\/2025","imagem":"https:\/\/images.futebolinterior.com.br\/2025\/04\/Vasco-300x156.jpg","resumo":"No documento ao qual a reportagem teve acesso, ela alegou viver um \"relacionamento conturbado\" com o Payet e que, ap\u00f3s deixar o Rio para a cidade paranaense"},"2260622":{"titulo":"Garro volta da Espanha ap\u00f3s tratamento no joelho, mas desfalca Corinthians","link":"https:\/\/www.futebolinterior.com.br\/garro-espanha-desfalca-corinthians\/","chapeu":"PUTZ","data":"10\/04\/2025","imagem":"https:\/\/images.futebolinterior.com.br\/2025\/04\/Corinthians-1-300x157.jpg","resumo":"Garro se submeteu a um tratamento espec\u00edfico com um m\u00e9dico espanhol, indicado pelo holand\u00eas Memphis Depay"},"2260407":{"titulo":"Vitor Roque completa um m\u00eas no Palmeiras e segue sem marcar gols","link":"https:\/\/www.futebolinterior.com.br\/vitor-roque-completa-um-mes-no-palmeiras\/","chapeu":"QUE SECA!","data":"10\/04\/2025","imagem":"https:\/\/images.futebolinterior.com.br\/2025\/04\/Vitor-Roque-completa-um-mes-no-palmeiras-300x169.jpg","resumo":"Vitor Roque chegou ao Palmeiras em mar\u00e7o e fez sua estreia diante do S\u00e3o Paulo, na semifinal do Campeonato Paulista"},"2260297":{"titulo":"Ram\u00f3n Diaz decidiu: prioridade do Corinthians \u00e9 o Brasileiro","link":"https:\/\/www.futebolinterior.com.br\/ramon-diaz-decidiu-prioridade-do-corinthians-e-o-brasileiro\/","chapeu":"S\u00c9RGIO CARVALHO","data":"10\/04\/2025","imagem":"https:\/\/images.futebolinterior.com.br\/2025\/04\/America-Cali-Rodrigo-Coca-Agencia-Corinthians-1-300x205.jpg","resumo":""},"2260206":{"titulo":"Revelado no Vit\u00f3ria, Elkeson anuncia aposentadoria do futebol","link":"https:\/\/www.futebolinterior.com.br\/revelado-no-vitoria-elkeson\/","chapeu":"PAROU","data":"09\/04\/2025","imagem":"https:\/\/images.futebolinterior.com.br\/2025\/04\/Elkeson-300x169.jpg","resumo":"O atacante Elkeson anunciou sua aposentadoria aos 35 anos"},"2260167":{"titulo":"Corinthians tem plano para quitar R$ 367 milh\u00f5es em d\u00edvidas homologadas pela Justi\u00e7a","link":"https:\/\/www.futebolinterior.com.br\/corinthians-tem-plano-para-quitar-r-367-milhoes-em-dividas-homologado-pela-justica\/","chapeu":"PLANO!","data":"09\/04\/2025","imagem":"https:\/\/images.futebolinterior.com.br\/2025\/04\/imagem_2025-04-09_213645523-300x200.png","resumo":"O Corinthians teve seu Regime Centralizado de Execu\u00e7\u00f5es (RCE) ratificado nesta quarta-feira, em julgamento que teve placar favor\u00e1vel de 17 a 7"},"2260179":{"titulo":"Braithwaite cita Real Madrid para justificar futebol do Gr\u00eamio e avisa: 'Estamos ganhando'","link":"https:\/\/www.futebolinterior.com.br\/braithwaite-cita-real-madrid-para-justificar-futebol-do-gremio-e-avisa-estamos-ganhando\/","chapeu":"FOCO!","data":"09\/04\/2025","imagem":"https:\/\/images.futebolinterior.com.br\/2025\/04\/Gremio-1-300x200.jpeg","resumo":"O Gr\u00eamio volta a campo neste domingo, \u00e0s 17h30, quando recebe o Flamengo na Arena, pela terceira rodada do Campeonato Brasileiro."},"2260147":{"titulo":"Luiz Gustavo vai ao CT do S\u00e3o Paulo em 1\u00ba dia do tratamento do tromboembolismo fora do hospital","link":"https:\/\/www.futebolinterior.com.br\/luiz-gustavo-vai-ao-ct-do-sao-paulo\/","chapeu":"UFA","data":"09\/04\/2025","imagem":"https:\/\/images.futebolinterior.com.br\/2025\/04\/SP-300x231.jpg","resumo":"Luiz Gustavo recebeu alta hospitalar na ter\u00e7a-feira e ainda n\u00e3o sabe quando e como ser\u00e1 seu retorno aos treino e jogos do S\u00e3o Paulo"},"2260094":{"titulo":"Fortaleza investe R$4 milh\u00f5es para contratar destaque do Maring\u00e1","link":"https:\/\/www.futebolinterior.com.br\/fortaleza-investe-r4-milhoes\/","chapeu":"MERCADO","data":"09\/04\/2025","imagem":"https:\/\/images.futebolinterior.com.br\/2025\/04\/Rodrigo-Maringa-300x200.jpg","resumo":"O Fortaleza finalizou a contrata\u00e7\u00e3o do volante Rodrigo, que vinha atuando pelo Maring\u00e1"},"2259821":{"titulo":"Casares explica o d\u00e9ficit de R$ 287 milh\u00f5es do S\u00e3o Paulo","link":"https:\/\/www.futebolinterior.com.br\/casares-explica-o-deficit-de-r-287-milhoes-do-sao-paulo\/","chapeu":"D\u00cdVIDA ","data":"09\/04\/2025","imagem":"https:\/\/images.futebolinterior.com.br\/2025\/04\/sao-paulo-sport-SCR-300x179.jpg","resumo":"A d\u00edvida do clube foi fechada em R$ 968,2 milh\u00f5es ap\u00f3s o exerc\u00edcio de 2024. No ano, o S\u00e3o Paulo apresentou d\u00e9ficit de R$ 287 milh\u00f5es."}}