{"2259690":{"titulo":"Bahia tenta reencontrar triunfos em semana com Libertadores e S\u00e9rie A","link":"https:\/\/www.futebolinterior.com.br\/bahia-tenta-reencontrar-triunfos\/","chapeu":"PREPARA\u00c7\u00c3O","data":"08\/04\/2025","imagem":"https:\/\/images.futebolinterior.com.br\/2025\/04\/54439350811_45558d03cb_c-300x200.jpg","resumo":"Tricolor defende longa invencibilidade, mas empatou \u00faltimos tr\u00eas jogos"},"2259670":{"titulo":"Juventude reintegra investigado por suspeita de manipula\u00e7\u00e3o","link":"https:\/\/www.futebolinterior.com.br\/juventude-reintegra-investigado\/","chapeu":"NOVIDADE","data":"08\/04\/2025","imagem":"https:\/\/images.futebolinterior.com.br\/2025\/04\/enio-juventude-x-vitoria-1-300x200.jpg","resumo":"O atacante \u00canio, alvo de investiga\u00e7\u00e3o por suspeita de manipula\u00e7\u00e3o em apostas esportivas, foi reintegrado "},"2259570":{"titulo":"Abel compara futebol com F-1 e revela qual ser\u00e1 o objetivo do Palmeiras no Mundial de Clubes","link":"https:\/\/www.futebolinterior.com.br\/abel-compara-futebol-com-f-1-e-revela-qual-sera-o-objetivo-do-palmeiras-no-mundial-de-clubes\/","chapeu":"VEJA!","data":"08\/04\/2025","imagem":"https:\/\/images.futebolinterior.com.br\/2025\/04\/Palmeiras-1-300x169.webp","resumo":"O treinador portugu\u00eas classifica seu elenco como \"equilibrado e competitivo\"."},"2259568":{"titulo":"Luiz Gustavo recebe alta, mas fica 10 dias em repouso no S\u00e3o Paulo","link":"https:\/\/www.futebolinterior.com.br\/luiz-gustavo-recebe-alta\/","chapeu":"RECUPERA\u00c7\u00c3O","data":"08\/04\/2025","imagem":"https:\/\/images.futebolinterior.com.br\/2025\/04\/Luiz-Gustavo-Sao-Paulo-1-300x200.jpg","resumo":"\nSem Luiz Gustavo,o S\u00e3o Paulo deu sequ\u00eancia \u00e0 prepara\u00e7\u00e3o para o embate com o Alianza Lima, do Peru, quinta-feira, no MorumBis"},"2259541":{"titulo":"Sport x Palmeiras: Commit\u00ea da CBF reconhece erro em p\u00eanalti","link":"https:\/\/www.futebolinterior.com.br\/sport-x-palmeiras-commite-da-cbf-reconhece-erro-em-penalti\/","chapeu":"AN\u00c1LISE","data":"08\/04\/2025","imagem":"https:\/\/images.futebolinterior.com.br\/2025\/04\/Screenshot_34-1-300x201.jpg","resumo":"Na an\u00e1lise, e de forma un\u00e2nime, o grupo chegou ao consenso de que houve um erro do \u00e1rbitro em campo e do VAR"},"2259556":{"titulo":"Red Bull Bragantino empresta atacante Vitinho ao Londrina para a disputa da S\u00e9rie C","link":"https:\/\/www.futebolinterior.com.br\/red-bull-bragantino-empresta-atacante-vitinho-ao-londrina-para-a-disputa-da-serie-c\/","chapeu":"FEITO!","data":"08\/04\/2025","imagem":"https:\/\/images.futebolinterior.com.br\/2025\/04\/londrina-300x231.png","resumo":"O Bragantino volta a campo diante do Botafogo no s\u00e1bado, \u00e0s 16h, no Nabi Abi Chedid."},"2259511":{"titulo":"Neymar treina sem limita\u00e7\u00f5es e deve refor\u00e7ar o Santos","link":"https:\/\/www.futebolinterior.com.br\/neymar-treina-sem-limitacoes-e-deve-reforcar-o-santos\/","chapeu":"UFA","data":"08\/04\/2025","imagem":"https:\/\/images.futebolinterior.com.br\/2025\/04\/Screenshot_49-300x193.jpg","resumo":"Neymar voltou a treinar normalmente com os companheiros na manh\u00e3 desta ter\u00e7a-feira, no CT Rei Pel\u00e9, em Santos"},"2259527":{"titulo":"Mirassol anuncia meia Yago Felipe como refor\u00e7o para S\u00e9rie A: \u00a0'Estou motivado'","link":"https:\/\/www.futebolinterior.com.br\/mirassol-anuncia-meia-yago-felipe-como-reforco-para-serie-a-estou-motivado\/","chapeu":"APRESENTADO!","data":"08\/04\/2025","imagem":"https:\/\/images.futebolinterior.com.br\/2025\/04\/mirassol-1.avif","resumo":"O Mirassol enfrenta o Bahia no domingo, \u00e0s 16h, na Arena Fonte Nova"},"2259435":{"titulo":"Luto! Morre ex-goleiro Manga, \u00eddolo do Botafogo e titular da sele\u00e7\u00e3o na Copa de 1966","link":"https:\/\/www.futebolinterior.com.br\/morre-ex-goleiro-manga-idolo-do-botafogo-e-titular-da-selecao-na-copa-de-1966\/","chapeu":"LUTO!","data":"08\/04\/2025","imagem":"https:\/\/images.futebolinterior.com.br\/2025\/04\/manga-300x175.jpeg","resumo":"O dia do seu nascimento, 26 de abril, se tornou oficialmente o \"Dia do Goleiro\"."},"2259419":{"titulo":"Programa Vis\u00e3o de Esporte tem a participa\u00e7\u00e3o de treinador campe\u00e3o do Paulist\u00e3o S\u00e9rie A2","link":"https:\/\/www.futebolinterior.com.br\/visao-de-esporte-recebe-treinador-a2\/","chapeu":"CONFIRA","data":"08\/04\/2025","imagem":"https:\/\/images.futebolinterior.com.br\/2025\/04\/image-103-300x129.png","resumo":"Na bancada, Bruno Zurc, Fernando Toledo, Pedro Lino, Zenon e Rubens Cardoso comentaram sobre o t\u00edtulo e o treinador respondeu as perguntas feitas"}}