{"2262162":{"titulo":"Ap\u00f3s final do Paulist\u00e3o, Palmeiras \u00e9 favorito diante do Corinthians","link":"https:\/\/www.futebolinterior.com.br\/palmeiras-e-corinthians-brasileirao\/","chapeu":"JOG\u00c3O","data":"11\/04\/2025","imagem":"https:\/\/images.futebolinterior.com.br\/2025\/04\/image-175-300x190.png","resumo":"Ap\u00f3s o vice no estadual, o Verd\u00e3o n\u00e3o sofreu derrotas, somando tr\u00eas vit\u00f3rias e um empate. Al\u00e9m disso, a equipe lidera o seu grupo na Copa Libertadores"},"2262120":{"titulo":"Volpi lembra 'dia m\u00e1gico' contra o Fla e quer repetir pelo Gr\u00eamio","link":"https:\/\/www.futebolinterior.com.br\/volpi-lembra-dia-magico-contra-o-fla-e-quer-repetir-pelo-gremio\/","chapeu":"MOTIVADO","data":"11\/04\/2025","imagem":"https:\/\/images.futebolinterior.com.br\/2025\/04\/Screenshot_7-2-300x204.jpg","resumo":"Tiago Volpi ainda busca conquistar a torcida do Gr\u00eamio. E, para isso, o goleiro espera repetir sua grande atua\u00e7\u00e3o"},"2262108":{"titulo":"Com desfalque, Vit\u00f3ria treina na Toca da Raposa e mira 1\u00ba triunfo no Brasileir\u00e3o","link":"https:\/\/www.futebolinterior.com.br\/com-desfalque-vitoria-treina\/","chapeu":"TRABALHANDO","data":"11\/04\/2025","imagem":"https:\/\/images.futebolinterior.com.br\/2025\/04\/54364004382_6388eec4d9_3k-300x200.jpg","resumo":"\nA movimenta\u00e7\u00e3o do dia come\u00e7ou \u00e0s 15h30, com a chegada da delega\u00e7\u00e3o ao centro de treinamento\n"},"2261984":{"titulo":"BRASILEIR\u00c3O: Cl\u00e1ssico, press\u00e3o e tabu na abertura da terceira rodada","link":"https:\/\/www.futebolinterior.com.br\/brasileirao-classico-pressao-e-tabu-na-abertura-da-terceira-rodada\/","chapeu":"S\u00c1BADO ","data":"11\/04\/2025","imagem":"https:\/\/images.futebolinterior.com.br\/2025\/04\/IMG_8510-300x200.jpeg","resumo":""},"2261092":{"titulo":"Neymar treina no campo com o Santos, mas deve ser reserva contra Fluminense por falta de ritmo","link":"https:\/\/www.futebolinterior.com.br\/neymar-treina-no-campo-com-o-santos-mas-deve-ser-reserva-contra-fluminense-por-falta-de-ritmo\/","chapeu":"OPA!","data":"11\/04\/2025","imagem":"https:\/\/images.futebolinterior.com.br\/2025\/04\/Neymar-1-300x207.webp","resumo":"O camisa 10 n\u00e3o atua desde as quartas de final do Paulist\u00e3o, diante do Red Bull Bragantino"},"2260905":{"titulo":"Juventude x Cear\u00e1 - Voz\u00e3o desafia retrospecto para seguir em alta!","link":"https:\/\/www.futebolinterior.com.br\/juventude-x-ceara-vozao-desafia-retrospecto-para-seguir-em-alta\/","chapeu":"JOG\u00c3O!","data":"11\/04\/2025","imagem":"https:\/\/images.futebolinterior.com.br\/2025\/04\/CEARA-300x200.webp","resumo":"O duelo ser\u00e1 neste s\u00e1bado, \u00e0s 16h, no est\u00e1dio Alfredo Jaconi, em Caxias do Sul"},"2260987":{"titulo":"Bahia x Mirassol - Em busca da primeira vit\u00f3ria no Brasileir\u00e3o!","link":"https:\/\/www.futebolinterior.com.br\/bahia-x-mirassol-em-busca-da-primeira-vitoria-no-brasileirao\/","chapeu":"QUEM LEVA?","data":"11\/04\/2025","imagem":"https:\/\/images.futebolinterior.com.br\/2025\/04\/Captura-de-Tela-2025-04-11-as-13.25.17-300x216.png","resumo":"O jogo est\u00e1 marcado para este domingo, \u00e0s 16h, na Arena Fonte Nova"},"2260819":{"titulo":"Cear\u00e1 tem novidade e desfalque diante do Juventude","link":"https:\/\/www.futebolinterior.com.br\/ceara-novidade-desfalque-juventude\/","chapeu":"MUDAN\u00c7A","data":"11\/04\/2025","imagem":"https:\/\/images.futebolinterior.com.br\/2025\/04\/aylon-titular-ceara-300x200.jpg","resumo":"Cear\u00e1 defende sequ\u00eancia positiva no Brasileiro com mudan\u00e7a for\u00e7ada no ataque, j\u00e1 que tem aus\u00eancia definida"},"2260923":{"titulo":"Sem Arboleda, defesa do S\u00e3o Paulo vai de trunfo de Zubeld\u00eda \u00e0 d\u00favida","link":"https:\/\/www.futebolinterior.com.br\/defesa-do-sao-paulo-vai-de-trunfo-a-duvida\/","chapeu":"E AGORA?","data":"11\/04\/2025","imagem":"https:\/\/images.futebolinterior.com.br\/2025\/04\/Arboleda-desfalca-Sao-Paulo-em-tempo-indeterminado-300x207.jpg","resumo":"Sem Arboleda, o t\u00e9cnico do S\u00e3o Paulo pode optar pelo ingresso de Ruan ou Sabino na vaga do equatoriano"},"2258759":{"titulo":"Sport indefinido para jogo contra Vasco; veja prov\u00e1vel","link":"https:\/\/www.futebolinterior.com.br\/sport-indefinido-vasco-veja-provavel\/","chapeu":"D\u00daVIDA","data":"11\/04\/2025","imagem":"https:\/\/images.futebolinterior.com.br\/2025\/04\/igor-carius-desfalque-novamente-sport-300x200.jpg","resumo":"Sport volta a ter problema na lateral esquerda, que \u00e9 a \u00fanica interroga\u00e7\u00e3o no confronto frente ao Cruzmaltino"}}