{"2384365":{"titulo":"BRASILEIR\u00c3O: Quarta de jogos remarcados agita o Brasileir\u00e3o 2025","link":"https:\/\/www.futebolinterior.com.br\/brasileirao-quarta-de-jogos-remarcados-agita-o-brasileirao-2025\/","chapeu":"RODADA","data":"18\/11\/2025","imagem":"https:\/\/images.futebolinterior.com.br\/2025\/11\/IMG_5850-300x197.webp","resumo":""},"2384317":{"titulo":"Santos x Mirassol: confira onde assistir pelo Brasileir\u00e3o","link":"https:\/\/www.futebolinterior.com.br\/santos-x-mirassol-veja-onde-assistir\/","chapeu":"VALE MUITO","data":"18\/11\/2025","imagem":"https:\/\/images.futebolinterior.com.br\/2025\/11\/FszIZECa-Screenshot_95-300x211.webp","resumo":"A Vila Belmiro ser\u00e1 palco de um duelo importante nesta quarta-feira (19), pelo Brasileir\u00e3o. O Santos encara o Mirassol \u00e0s 21h30, tentando embalar mais uma vit\u00f3ria ap\u00f3s superar o Palmeiras, "},"2384277":{"titulo":"Palmeiras x Vit\u00f3ria - Confira onde assistir e escala\u00e7\u00f5es","link":"https:\/\/www.futebolinterior.com.br\/palmeiras-x-vitoria-veja-onde-assistir\/","chapeu":"DECISIVO!","data":"18\/11\/2025","imagem":"https:\/\/images.futebolinterior.com.br\/2025\/11\/54698414314_5251ba1981_c-300x169.webp","resumo":"Nesta quarta-feira (19), o Palmeiras tem mais um confronto important\u00edssimo na luta pela lideran\u00e7a do Brasileir\u00e3o. O Verd\u00e3o recebe o Vit\u00f3ria no Allianz Parque, \u00e0s 19h30, em partida v\u00e1lida pela 37\u00aa rodada."},"2384238":{"titulo":"Gr\u00eamio x Vasco - Onde assistir, escala\u00e7\u00f5es e arbitragem","link":"https:\/\/www.futebolinterior.com.br\/gremio-x-vasco-brasileirao\/","chapeu":"CL\u00c1SSICO","data":"18\/11\/2025","imagem":"https:\/\/images.futebolinterior.com.br\/2025\/11\/Gremio-e-Vasco-se-enfrentam-no-Brasileirao-300x200.webp","resumo":"O Vasco chega para o duelo com tr\u00eas derrotas consecutivas, enquanto o Gr\u00eamio perdeu duas das \u00faltimas tr\u00eas partidas"},"2384289":{"titulo":"Nova camisa do Cear\u00e1 destaca cultura africana","link":"https:\/\/www.futebolinterior.com.br\/nova-camisa-do-ceara\/","chapeu":"CONSCI\u00caNCIA","data":"18\/11\/2025","imagem":"https:\/\/images.futebolinterior.com.br\/2025\/11\/Ceara-Camisa-300x200.webp","resumo":"A nova camisa adota o roxo como cor principal, incorporando elementos que remetem ao Rio Branco"},"2384243":{"titulo":"Lucas Gazal se destaca com assist\u00eancia e bons n\u00fameros no empate do Fortaleza contra o Atl\u00e9tico-MG","link":"https:\/\/www.futebolinterior.com.br\/lucas-gazal-destaca-no-fortaleza\/","chapeu":"PARED\u00c3O","data":"18\/11\/2025","imagem":"https:\/\/images.futebolinterior.com.br\/2025\/11\/Jw6bv636-image-300x208.webp","resumo":"A pr\u00f3xima partida do Fortaleza ser\u00e1 no dia 20, quando visitar\u00e1 o Bahia, na Arena Fonte Nova, pelo Campeonato Brasileiro. Atualmente, o Le\u00e3o do Pici ocupa a 19\u00aa posi\u00e7\u00e3o na tabela"},"2384115":{"titulo":"Neymar merece ir \u00e0 Copa? Ronaldo, Rom\u00e1rio e Ronaldinho n\u00e3o foram aos 33 anos","link":"https:\/\/www.futebolinterior.com.br\/neymar-pode-ficar-fora-da-copa-2026\/","chapeu":"CEN\u00c1RIO RUIM","data":"18\/11\/2025","imagem":"https:\/\/images.futebolinterior.com.br\/2025\/11\/Neymar-pode-ficar-fora-da-Copa-300x166.webp","resumo":"Neymar s\u00f3 n\u00e3o estava dispon\u00edvel em uma das quatro convoca\u00e7\u00f5es de Ancelotti"},"2384121":{"titulo":"Daniel Vorcaro investiu em SAF do Atl\u00e9tico-MG com fundo suspeito de liga\u00e7\u00e3o com PCC","link":"https:\/\/www.futebolinterior.com.br\/daniel-vorcaro-ligado-saf-atletico-mg\/","chapeu":"EITA","data":"18\/11\/2025","imagem":"https:\/\/images.futebolinterior.com.br\/2025\/11\/7Jsjy39L-image-300x231.webp","resumo":"Documentos dispon\u00edveis na Comiss\u00e3o de Valores Mobili\u00e1rios (CVM) mostram que o Galo Forte FIP, ve\u00edculo usado por Vorcaro para adquirir 26,9% da Galo Holding SA"},"2384098":{"titulo":"Botafogo x Sport - Onde assistir e escala\u00e7\u00f5es","link":"https:\/\/www.futebolinterior.com.br\/botafogo-x-sport-onde-assistir-e-escalacoes\/","chapeu":"BORA!","data":"17\/11\/2025","imagem":"https:\/\/images.futebolinterior.com.br\/2025\/11\/botafogo-sport-300x188.webp","resumo":"O duelo entre Botafogo e Sport acontecer\u00e1 nesta ter\u00e7a-feira, \u00e0s 20h30, no est\u00e1dio Nilton Santos, pela 34\u00aa rodada"},"2384089":{"titulo":"Justi\u00e7a determina demoli\u00e7\u00e3o de CT da base do Palmeiras por degrada\u00e7\u00e3o ambiental","link":"https:\/\/www.futebolinterior.com.br\/justica-determina-demolicao-de-ct-da-base-do-palmeiras-por-degradacao-ambiental\/","chapeu":"EITA","data":"17\/11\/2025","imagem":"https:\/\/images.futebolinterior.com.br\/2025\/11\/Screenshot_376-300x133.webp","resumo":"A decis\u00e3o foi tomada em primeira inst\u00e2ncia e o departamento jur\u00eddico palmeirense vai recorrer. "}}