{"2384662":{"titulo":"Flamengo lidera ranking de clubes mais odiados do Brasil; Corinthians e Palmeiras aparecem em seguida","link":"https:\/\/www.futebolinterior.com.br\/flamengo-ranking-clubes-mais-odiados\/","chapeu":"CONFIRA!","data":"19\/11\/2025","imagem":"https:\/\/images.futebolinterior.com.br\/2025\/11\/Torcida-Flamengo-Maracana-300x197.webp","resumo":"O Paran\u00e1 Pesquisas, empresa especializada em coletar dados da opini\u00e3o p\u00fablica, divulgou na ter\u00e7a-feira, 19, a lista de times de futebol mais odiados pelos torcedores brasileiros. "},"2384555":{"titulo":"Palmeiras encara Vit\u00f3ria em casa com volta de selecion\u00e1veis para reagir no Brasileir\u00e3o","link":"https:\/\/www.futebolinterior.com.br\/palmeiras-encara-vitoria-brasileirao\/","chapeu":"PROMETE","data":"19\/11\/2025","imagem":"https:\/\/images.futebolinterior.com.br\/2025\/11\/OprC5VPK-Palmeiras-300x158.webp","resumo":"Palmeiras encara Vit\u00f3ria em casa com volta de selecion\u00e1veis para reagir no Brasileir\u00e3o"},"2384541":{"titulo":"S\u00e9rgio Carvalho: Corinthians tenta igualar o S\u00e3o Paulo","link":"https:\/\/www.futebolinterior.com.br\/sergio-carvalho-corinthians-tenta-igualar-o-sao-paulo\/","chapeu":"OPINI\u00c3O","data":"19\/11\/2025","imagem":"https:\/\/images.futebolinterior.com.br\/2025\/11\/Corinthians-Depay-torcida-Reinaldo-Calcade-2-300x157.webp","resumo":"No Rio de Janeiro, est\u00e1dio do Maracan\u00e3, o Fluminense encara o Flamengo, atual l\u00edder isolado. O Palmeiras \u00e9 favorito diante do Vit\u00f3ria."},"2384496":{"titulo":"Juiz rejeita plano do Corinthians, mas clube ganha 60 dias para evitar retomada de cobran\u00e7as","link":"https:\/\/www.futebolinterior.com.br\/juiz-rejeita-plano-do-corinthians-mas-clube-ganha-60-dias-para-evitar-retomada-de-cobrancas\/","chapeu":"SE LIGA!","data":"18\/11\/2025","imagem":"https:\/\/images.futebolinterior.com.br\/2025\/11\/corinthians-300x157.webp","resumo":"A proposta enviada recentemente pelo Corinthians previa quita\u00e7\u00e3o em dez anos, com repasse inicial equivalente a 4% das receitas do clube."},"2384435":{"titulo":"Botafogo 3 x 2 Sport - Kadir brilha e salva noite botafoguense no Engenh\u00e3o","link":"https:\/\/www.futebolinterior.com.br\/botafogo-3-x-2-sport-kadir-brilha-e-salva-noite-botafoguente-no-engenhao\/","chapeu":"VIRADA","data":"18\/11\/2025","imagem":"https:\/\/images.futebolinterior.com.br\/2025\/11\/54933100261_1296cfe166_o-300x200.webp","resumo":""},"2384474":{"titulo":"PLACAR FI: Com classifica\u00e7\u00e3o do Brasil, confira os RESULTADOS desta TER\u00c7A-FEIRA","link":"https:\/\/www.futebolinterior.com.br\/placar-fi-18-11-2025\/","chapeu":"COMPLET\u00c3O","data":"18\/11\/2025","imagem":"https:\/\/images.futebolinterior.com.br\/2025\/11\/Qh1WnCEY-image-300x180.webp","resumo":"Claro, o\u00a0Placar ao Vivo do Portal Futebol Interior\u00a0acompanhou todos os jogos e traz para voc\u00ea a lista com todos os resultados.\u00a0Confira!"},"2384470":{"titulo":"Erick revela conversa com presidente do Vit\u00f3ria sobre renova\u00e7\u00e3o","link":"https:\/\/www.futebolinterior.com.br\/erick-revela-conversa-vitoria\/","chapeu":"SER\u00c1?","data":"18\/11\/2025","imagem":"https:\/\/images.futebolinterior.com.br\/2025\/11\/Erick-Vit-300x169.webp","resumo":"O atacante Erick, do Vit\u00f3ria, concedeu entrevista nesta ter\u00e7a-feira (18)"},"2384456":{"titulo":"Bahia ganha 2 zagueiros para cl\u00e1ssico com o Fortaleza","link":"https:\/\/www.futebolinterior.com.br\/bahia-ganha-2-zagueiros\/","chapeu":"REFOR\u00c7OS","data":"18\/11\/2025","imagem":"https:\/\/images.futebolinterior.com.br\/2025\/11\/cuBxr99v-Ramos-Mingo-BAH-300x200.webp","resumo":"\nO Bahia voltou aos treinos nesta ter\u00e7a-feira com duas novidades importantes"},"2384449":{"titulo":"CBF detalha \u00faltimas rodadas do Brasileir\u00e3o. Veja datas e hor\u00e1rios","link":"https:\/\/www.futebolinterior.com.br\/cbf-detalha-ultimas-rodadas-do-brasileirao-veja-datas-e-horarios\/","chapeu":"RETA FINAL","data":"18\/11\/2025","imagem":"https:\/\/images.futebolinterior.com.br\/2025\/11\/IMG_8252-1-300x203.webp","resumo":"Enquanto a \u00faltima rodada ser\u00e1 no domingo, 7, com todos os dez duelos marcados para as 16h (de Bras\u00edlia)."},"2384412":{"titulo":"Fortaleza ter\u00e1 tr\u00eas retornos para enfrentar o Bahia","link":"https:\/\/www.futebolinterior.com.br\/fortaleza-tera-tres-retornos\/","chapeu":"DEFINI\u00c7\u00d5ES","data":"18\/11\/2025","imagem":"https:\/\/images.futebolinterior.com.br\/2025\/11\/Bareiro-Fortaleza-300x200.webp","resumo":"O Fortaleza contar\u00e1 com o retorno de tr\u00eas jogadores para enfrentar o Bahia"}}