{"2384083":{"titulo":"Falta de controle em estoque deixou Corinthians sem uniforme principal em jogo do Brasileir\u00e3o","link":"https:\/\/www.futebolinterior.com.br\/falta-de-controle-em-estoque-deixou-corinthians-sem-uniforme-principal-em-jogo-do-brasileirao\/","chapeu":"V\u00c1RZEA","data":"17\/11\/2025","imagem":"https:\/\/images.futebolinterior.com.br\/2025\/11\/Screenshot_375-300x197.webp","resumo":"No dia 13 de setembro, quando venceu o Fluminense por 1 a 0 no Maracan\u00e3, o time jogou com o segundo conjunto, na cor preta"},"2384028":{"titulo":"Marcelo Paz entra no radar do Atl\u00e9tico-MG para assumir SAF","link":"https:\/\/www.futebolinterior.com.br\/marcelo-paz-fortaleza\/","chapeu":"SER\u00c1?","data":"17\/11\/2025","imagem":"https:\/\/images.futebolinterior.com.br\/2025\/11\/Marcelo-Paz-Fortaleza-300x169.webp","resumo":"O nome de Marcelo Paz, atual CEO do Fortaleza, passou a ser mencionado com intensidade nos bastidores do Atl\u00e9tico-MG"},"2383974":{"titulo":"Galv\u00e3o Bueno \u00e9 internado e perde jogo do Flamengo","link":"https:\/\/www.futebolinterior.com.br\/galvao-bueno-e-internado-pneumonia\/","chapeu":"PNEUMONIA","data":"17\/11\/2025","imagem":"https:\/\/images.futebolinterior.com.br\/2025\/11\/Galvao-Bueno-e-internado-e-perde-jogo-do-Flamengo-300x183.webp","resumo":"Em 2026, Galv\u00e3o Bueno vai narrar, no SBT e na N Sports, a Copa do Mundo dos Estados Unidos, M\u00e9xico e Canad\u00e1"},"2383996":{"titulo":"Gr\u00eamio acerta perman\u00eancia de Felip\u00e3o para 2026","link":"https:\/\/www.futebolinterior.com.br\/gremio-permanencia-de-felipao-para-2026\/","chapeu":"FICA!","data":"17\/11\/2025","imagem":"https:\/\/images.futebolinterior.com.br\/2025\/11\/lg-noticias-gra-mio-apresenta-felipa-o-como-novo-coordenador-ta-cnico-43129-300x200.webp","resumo":"O Gr\u00eamio seguir\u00e1 com Luiz Felipe Scolari como coordenador t\u00e9cnico em 2026. O futuro presidente do Tricolor, Odorico Roman, confirmou a perman\u00eancia do \u00eddolo do clube no cargo para a pr\u00f3xima temporada."},"2383993":{"titulo":"Palmeiras tem retornos importantes para encarar o Vit\u00f3ria no Allianz","link":"https:\/\/www.futebolinterior.com.br\/palmeiras-tem-retornos-importantes-para-encarar-o-vitoria-no-allianz\/","chapeu":"MAIS FORTE","data":"17\/11\/2025","imagem":"https:\/\/images.futebolinterior.com.br\/2025\/11\/IMG_5802-300x160.webp","resumo":"O t\u00e9cnico Abel Ferreira ter\u00e1 dois refor\u00e7os garantidos para o confronto: Andreas Pereira e Allan, que retornam ap\u00f3s suspens\u00e3o."},"2384016":{"titulo":"Derrota do Atl\u00e9tico-MG preocupa Sampaoli para final da Sula","link":"https:\/\/www.futebolinterior.com.br\/atletico-mg-perde\/","chapeu":"ATEN\u00c7\u00c3O","data":"17\/11\/2025","imagem":"https:\/\/images.futebolinterior.com.br\/2025\/11\/sampaoli_atletico_mg-300x169.webp","resumo":"O Atl\u00e9tico-MG saiu derrotado por 2 a 0 pelo Bragantino, em duelo equilibrado pelo Campeonato Brasileiro"},"2383928":{"titulo":"Fortaleza tem baixa importante para enfrentar o Bahia","link":"https:\/\/www.futebolinterior.com.br\/fortaleza-tem-baixa\/","chapeu":"PROBLEMA","data":"17\/11\/2025","imagem":"https:\/\/images.futebolinterior.com.br\/2025\/11\/fortaleza-sasha-300x200.webp","resumo":"Volante recebeu o terceiro cart\u00e3o amarelo na rodada anterior e est\u00e1 suspenso"},"2383813":{"titulo":"Pesquisa da CBF aponta Internacional como a maior torcida fora do eixo Rio-S\u00e3o Paulo","link":"https:\/\/www.futebolinterior.com.br\/internacional-maior-torcida-fora-sp\/","chapeu":"COLORADO","data":"17\/11\/2025","imagem":"https:\/\/images.futebolinterior.com.br\/2025\/11\/B2g5qFGH-image-300x195.webp","resumo":"O levantamento entrevistou 2.006 brasileiros e brasileiras, com 16 anos ou mais, de todas as regi\u00f5es do pa\u00eds, entre os dias 15 e 24 de agosto"},"2383718":{"titulo":"Palmeiras e Flamengo t\u00eam rivais similares, mas desafios distintos na reta final de Brasileir\u00e3o","link":"https:\/\/www.futebolinterior.com.br\/palmeiras-flamengo-brasileirao\/","chapeu":"RETA FINAL","data":"17\/11\/2025","imagem":"https:\/\/images.futebolinterior.com.br\/2025\/11\/tMtFZSTy-Palmeiras-300x158.webp","resumo":""},"2383709":{"titulo":"Red Bull Bragantino pode ir al\u00e9m no Brasileir\u00e3o, diz Mancini","link":"https:\/\/www.futebolinterior.com.br\/red-bull-bragantino-pode-ir-alem-no-brasileirao-diz-mancini\/","chapeu":"MELHORA","data":"16\/11\/2025","imagem":"https:\/\/images.futebolinterior.com.br\/2025\/11\/vagner-Mancini-Red-Bull-Bragantino-300x198.webp","resumo":""}}