{"2389539":{"titulo":"Sport faz sondagem por atacante que est\u00e1 na Coreia do Sul","link":"https:\/\/www.futebolinterior.com.br\/sport-faz-sondagem\/","chapeu":"MERCADO","data":"30\/11\/2025","imagem":"https:\/\/images.futebolinterior.com.br\/2025\/11\/SaveClip.App_534331455_18526757578018304_5226723453823398540_n-300x200.webp","resumo":"\nNesta temporada, o atleta de 27 anos participou de 27 jogos e marcou quatro gols"},"2389487":{"titulo":"Corinthians 2 x 2 Botafogo - Empate que n\u00e3o resolve a vida de ningu\u00e9m no Brasileir\u00e3o","link":"https:\/\/www.futebolinterior.com.br\/corinthians-2-x-2-botafogo-brasileirao\/","chapeu":"TUDO IGUAL","data":"30\/11\/2025","imagem":"https:\/\/images.futebolinterior.com.br\/2025\/11\/54954733327_738a973168_o-1024x682-1-300x200.webp","resumo":"Em jogo de muitas emo\u00e7\u00f5es at\u00e9 o apito final, Corinthians e Botafogo empataram na Neo Qu\u00edmica Arena por 2 a 2, em resultado que n\u00e3o resolve a vida de ningu\u00e9m no Brasileir\u00e3o."},"2388552":{"titulo":"BRASILEIR\u00c3O: Domingo com press\u00e3o na Neo Qu\u00edmica e drama no Castel\u00e3o","link":"https:\/\/www.futebolinterior.com.br\/brasileirao-domingo-com-pressao-na-neo-quimica-e-drama-no-castelao\/","chapeu":"RODADA","data":"30\/11\/2025","imagem":"https:\/\/images.futebolinterior.com.br\/2025\/11\/IMG_6136-300x122.webp","resumo":""},"2389077":{"titulo":"T\u00e9cnico do Cear\u00e1 admite erros contra Cruzeiro: \"Ajustamos no intervalo\"","link":"https:\/\/www.futebolinterior.com.br\/tecnico-ceara-admite-erros\/","chapeu":"AVALIA\u00c7\u00c3O","data":"30\/11\/2025","imagem":"https:\/\/images.futebolinterior.com.br\/2025\/11\/leo-conde-admite-erros-ceara-300x200.webp","resumo":"Cear\u00e1 \u00e9 um dos times que est\u00e1 na briga contra a zona do rebaixamento e ficou em situa\u00e7\u00e3o delicada depois de trope\u00e7o"},"2389337":{"titulo":"Zagueiro do Cruzeiro aponta falha em empate no Brasileir\u00e3o: 'Faltou efetividade'","link":"https:\/\/www.futebolinterior.com.br\/zagueiro-do-cruzeiro-lamenta-empate\/","chapeu":"GOSTO DE DERROTA?","data":"29\/11\/2025","imagem":"https:\/\/images.futebolinterior.com.br\/2025\/11\/baixados-20-300x169.webp","resumo":" O Cruzeiro empatou por 1 a 1 com o Cear\u00e1, neste s\u00e1bado, na Arena Castel\u00e3o, pela 36\u00aa rodada do Campeonato Brasileiro."},"2389074":{"titulo":"Volante do Cear\u00e1 lamenta trope\u00e7o ante Cruzeiro: \"Traz gosto amargo\"","link":"https:\/\/www.futebolinterior.com.br\/volante-ceara-lamenta-tropeco\/","chapeu":"AN\u00c1LISE","data":"29\/11\/2025","imagem":"https:\/\/images.futebolinterior.com.br\/2025\/11\/zanocelo-lamenta-empate-ceara-300x200.webp","resumo":"Cear\u00e1 fez o pen\u00faltimo jogo diante de sua torcida e perdeu chance de abrir vantagem frente \u00e0 zona do descenso"},"2389306":{"titulo":"Flamengo manda indireta a Andreas por t\u00edtulo da Libertadores: \"Ningu\u00e9m morre nos devendo\"","link":"https:\/\/www.futebolinterior.com.br\/flamengo-indireta-andreas-titulo\/","chapeu":"PROVOCOU","data":"29\/11\/2025","imagem":"https:\/\/images.futebolinterior.com.br\/2025\/11\/flamengo-provoca-andreas-pereira-300x191.webp","resumo":"Flamengo foi superado pelo Palmeiras em 2021 com falha do meio-campista e agora faturou t\u00edtulo ap\u00f3s vit\u00f3ria simples"},"2389338":{"titulo":"BRASILEIR\u00c3O: Vit\u00f3ria manda Inter para o Z-4 e Cruzeiro sai da briga pelo t\u00edtulo","link":"https:\/\/www.futebolinterior.com.br\/brasileirao-vitoria-inter\/","chapeu":"SABAD\u00c3O","data":"29\/11\/2025","imagem":"https:\/\/images.futebolinterior.com.br\/2025\/11\/Vitoria-matheuzinh-300x200.webp","resumo":"A 36\u00aa rodada do Campeonato Brasileiro seguiu movimentada neste fim de semana"},"2389245":{"titulo":"Cear\u00e1 1 x 1 Cruzeiro - Empate ruim na Arena Castel\u00e3o","link":"https:\/\/www.futebolinterior.com.br\/ceara-1-x-1-cruzeiro-empate-ruim\/","chapeu":"DEU RUIM","data":"29\/11\/2025","imagem":"https:\/\/images.futebolinterior.com.br\/2025\/11\/Ceara-sporting-300x190.webp","resumo":"A tabela \u00e9 complicada ao Vov\u00f4 porque ter\u00e1 pela frente o Flamengo, quarta-feira, no Maracan\u00e3, e na \u00faltima rodada vai receber o Palmeiras."},"2389103":{"titulo":"PLACAR FI: Com Flamengo campe\u00e3o da Libertadores, confira os RESULTADOS deste S\u00c1BADO","link":"https:\/\/www.futebolinterior.com.br\/placar-fi-deste-sabado-28\/","chapeu":"COMPLET\u00c3O","data":"29\/11\/2025","imagem":"https:\/\/images.futebolinterior.com.br\/2025\/11\/i-3-300x169.webp","resumo":"Claro, o Placar ao Vivo do\u00a0Portal Futebol Interior\u00a0acompanhou todos os jogos e traz para voc\u00ea a lista com todos os resultados. Confira!"}}