{"2389296":{"titulo":"Rafael Guanaes v\u00ea controle do Mirassol mesmo com derrota em Salvador","link":"https:\/\/www.futebolinterior.com.br\/rafael-guanaes-mirassol\/","chapeu":"ELOGIOU","data":"29\/11\/2025","imagem":"https:\/\/images.futebolinterior.com.br\/2025\/11\/Guanaes-Mira-300x191.webp","resumo":"O Mirassol saiu de campo derrotado por 2 a 0 pelo Vit\u00f3ria neste s\u00e1bado\n"},"2389281":{"titulo":"Vit\u00f3ria respira no Brasileir\u00e3o e Jair Ventura fala em \u201cal\u00edvio\u201d","link":"https:\/\/www.futebolinterior.com.br\/vitoria-respira-no-brasileirao\/","chapeu":"FIRME","data":"29\/11\/2025","imagem":"https:\/\/images.futebolinterior.com.br\/2025\/11\/pBgJWtNw-Victor-Ferreira-27257-300x200.webp","resumo":"O Vit\u00f3ria conquistou um resultado importante na briga contra o rebaixamento ao derrotar o Mirassol\n"},"2389072":{"titulo":"Atacante do Flamengo exalta elenco: \"Cheguei para somar\"","link":"https:\/\/www.futebolinterior.com.br\/atacante-flamengo-exalta-elenco\/","chapeu":"COLETIVO","data":"29\/11\/2025","imagem":"https:\/\/images.futebolinterior.com.br\/2025\/11\/samuel-lino-valoriza-elenco-flamengo-300x215.webp","resumo":"Flamengo se torna o primeiro clube brasileiro a assegurar quatro t\u00edtulos da Libertadores ap\u00f3s derrotar Palmeiras"},"2389070":{"titulo":"Her\u00f3i do Flamengo dedica t\u00edtulo \u00e0 fam\u00edlia: \"Cada um tem seus sacr\u00edficios\"","link":"https:\/\/www.futebolinterior.com.br\/heroi-flamengo-titulo-familia\/","chapeu":"HOMENAGEM","data":"29\/11\/2025","imagem":"https:\/\/images.futebolinterior.com.br\/2025\/11\/danilo-dedica-titulo-flamengo-familia-300x200.webp","resumo":"Flamengo teve a conquista assegurada pelo placar m\u00ednimo sobre o Palmeiras e se isola como maior campe\u00e3o do pa\u00eds"},"2386083":{"titulo":"Rossi exalta tetra do Flamengo na Libertadores: \"Somos justos merecedores\"","link":"https:\/\/www.futebolinterior.com.br\/goleiro-flamengo-exalta-tetracampeonato\/","chapeu":"VALORIZOU","data":"29\/11\/2025","imagem":"https:\/\/images.futebolinterior.com.br\/2025\/11\/rossi-valoriza-tetra-libertadores-flamengo-300x216.webp","resumo":"Flamengo mostrou pontaria melhor calibrada e levou a melhor diante do Verd\u00e3o, garantindo assim seu quarto t\u00edtulo continental"},"2389233":{"titulo":"Danielzinho elogia atua\u00e7\u00e3o do Mirassol apesar da derrota no Barrad\u00e3o","link":"https:\/\/www.futebolinterior.com.br\/danielzinho-mirassol\/","chapeu":"SATISFEITO","data":"29\/11\/2025","imagem":"https:\/\/images.futebolinterior.com.br\/2025\/11\/Danielzinho-Mirassol-300x227.webp","resumo":"O volante Danielzinho, capit\u00e3o do Mirassol, avaliou de forma positiva o desempenho da equipe"},"2389198":{"titulo":"Internacional contrata Abel Braga para reta final do Brasileir\u00e3o","link":"https:\/\/www.futebolinterior.com.br\/internacional-contrata-abel-braga\/","chapeu":"VOLTOU","data":"29\/11\/2025","imagem":"https:\/\/images.futebolinterior.com.br\/2025\/11\/Abel-Braga-300x200.webp","resumo":"A decis\u00e3o foi anunciada horas depois da sa\u00edda de Ram\u00f3n D\u00edaz, que deixou o cargo ap\u00f3s a derrota para o Vasco"},"2389191":{"titulo":"Camisa 10 do Vit\u00f3ria explica comemora\u00e7\u00e3o e destaca for\u00e7a da torcida","link":"https:\/\/www.futebolinterior.com.br\/camisa-10-do-vitoria\/","chapeu":"CURIOSIDADE","data":"29\/11\/2025","imagem":"https:\/\/images.futebolinterior.com.br\/2025\/11\/SaveClip.App_567168343_18534617506029656_4428306036919207873_n-300x200.webp","resumo":"O meia Matheuzinho celebrou de forma especial o gol marcado no triunfo do Vit\u00f3ria por 2 a 0 sobre o Mirassol"},"2389148":{"titulo":"Vit\u00f3ria 2 x 0 Mirassol - Le\u00e3o empurra Inter para o Z-4","link":"https:\/\/www.futebolinterior.com.br\/vitoria-2-x-0-mirassol\/","chapeu":"LE\u00c3O!","data":"29\/11\/2025","imagem":"https:\/\/images.futebolinterior.com.br\/2025\/11\/Victor-Ferreira-27255-300x200.webp","resumo":"O Vit\u00f3ria derrotou o Mirassol por 2 a 0 neste s\u00e1bado, no Barrad\u00e3o, pela 36\u00aa rodada do Campeonato Brasileiro"},"2389118":{"titulo":"Internacional acerta sa\u00edda de Ram\u00f3n D\u00edaz ap\u00f3s goleada para o Vasco","link":"https:\/\/www.futebolinterior.com.br\/internacional-saida-ramon-diaz\/","chapeu":"DESLIGADO","data":"29\/11\/2025","imagem":"https:\/\/images.futebolinterior.com.br\/2025\/11\/ramon-diaz-demitido-internacional-300x200.webp","resumo":"Internacional opta por desligar treinador depois de fase ruim no Brasileir\u00e3o ser agravada com resultado negativo"}}