{"2389681":{"titulo":"Abel Braga volta ao Inter com frase homof\u00f3bica e se desculpa","link":"https:\/\/www.futebolinterior.com.br\/abel-braga-volta-ao-inter-com-frase-homofobica-e-se-desculpa\/","chapeu":"DESCULPA","data":"30\/11\/2025","imagem":"https:\/\/images.futebolinterior.com.br\/2025\/11\/8nSp8aMs-Abel-Braga-300x200.webp","resumo":"Abel se retratou em publica\u00e7\u00e3o no Instagram. Disse reconhecer que fez uma \"coloca\u00e7\u00e3o ruim\" e afirmou que \"cores n\u00e3o definem g\u00eaneros\""},"2389472":{"titulo":"Goleiro do Atl\u00e9tico-MG minimiza sequ\u00eancia ruim: \"Agora \u00e9 pensar no jogo seguinte\"","link":"https:\/\/www.futebolinterior.com.br\/goleiro-atletico-mg-sequencia-ruim\/","chapeu":"PROJE\u00c7\u00c3O","data":"30\/11\/2025","imagem":"https:\/\/images.futebolinterior.com.br\/2025\/11\/everson-projeta-recuperacao-atletico-mg-300x200.webp","resumo":"Atl\u00e9tico-MG completa quatro jogos seguidos sem vencer no Brasileir\u00e3o, al\u00e9m de amargar vice na Copa Sul-Americana"},"2389467":{"titulo":"Meia do Fortaleza valoriza vit\u00f3ria sobre Atl\u00e9tico-MG: \"Cada ponto \u00e9 precioso\"","link":"https:\/\/www.futebolinterior.com.br\/meia-fortaleza-valoriza-vitoria\/","chapeu":"APROVADA","data":"30\/11\/2025","imagem":"https:\/\/images.futebolinterior.com.br\/2025\/11\/sasha-exalta-vitoria-fortaleza-300x200.webp","resumo":"Fortaleza soma importante resultado frente \u00e0 torcida e \u00e9 mais um time na briga para tentar evitar o rebaixamento"},"2389653":{"titulo":"Pegou mal! Abel Braga detona camisa rosa do Inter: 'Parece time de viado'","link":"https:\/\/www.futebolinterior.com.br\/abel-braga-internacional\/","chapeu":"LAMENT\u00c1VEL","data":"30\/11\/2025","imagem":"https:\/\/images.futebolinterior.com.br\/2025\/11\/8nSp8aMs-Abel-Braga-300x200.webp","resumo":"O Internacional apresentou Abel Braga como novo t\u00e9cnico neste domingo, em Porto Alegre"},"2389592":{"titulo":"PLACAR FI: Com campe\u00e3o na COPA FGF-RS, confira os RESULTADOS deste DOMINGO","link":"https:\/\/www.futebolinterior.com.br\/confira-o-placar-fi-deste-domingo-31\/","chapeu":"COMPLET\u00c3O","data":"30\/11\/2025","imagem":"https:\/\/images.futebolinterior.com.br\/2025\/11\/22JTOiGx-image-300x143.webp","resumo":"Claro, o Placar ao Vivo do\u00a0Portal Futebol Interior\u00a0acompanhou todos os jogos e traz para voc\u00ea a lista com todos os resultados. Confira!"},"2389601":{"titulo":"BRASILEIR\u00c3O: Fortaleza esquenta briga contra o Z-4 e Corinthians trope\u00e7a em casa","link":"https:\/\/www.futebolinterior.com.br\/brasileirao-fortaleza-corinthians\/","chapeu":"DOMING\u00c3O","data":"30\/11\/2025","imagem":"https:\/\/images.futebolinterior.com.br\/2025\/11\/Fortaleza-Vence-300x200.webp","resumo":"O domingo de Brasileir\u00e3o trouxe impactos diretos em v\u00e1rias disputas da tabela\n"},"2389598":{"titulo":"Veja a Classifica\u00e7\u00e3o do Brasileir\u00e3o ap\u00f3s jogo atrasado","link":"https:\/\/www.futebolinterior.com.br\/veja-a-classificacao-do-brasileirao-apos-jogo-atrasado\/","chapeu":"TABELA","data":"30\/11\/2025","imagem":"https:\/\/images.futebolinterior.com.br\/2025\/11\/Fortaleza-Atletico-MG-300x197.webp","resumo":"A vit\u00f3ria do Fortaleza sobre o Galo o deixou com 40 pontos, por\u00e9m, ainda em 17\u00ba lugar, atr\u00e1s do Internacional, que tem 41 pontos, e aparece tamb\u00e9m dentro da zona de queda."},"2389566":{"titulo":"Fortaleza 1 x 0 Atl\u00e9tico-MG - Le\u00e3o vivo no Brasileir\u00e3o. Veja melhores momentos!","link":"https:\/\/www.futebolinterior.com.br\/fortaleza-1-x-0-atletico-mg-leao-vivo-no-brasileirao-veja-melhores-momentos\/","chapeu":"UFA","data":"30\/11\/2025","imagem":"https:\/\/images.futebolinterior.com.br\/2025\/11\/Screenshot_42-300x156.webp","resumo":"O Fortaleza conseguiu uma importante vit\u00f3ria na luta contra o rebaixamento no Campeonato Brasileiro ao fazer 1 a 0 no Atl\u00e9tico-MG"},"2389565":{"titulo":"Dorival Jr. demonstra apreens\u00e3o com situa\u00e7\u00e3o do Corinthians antes da semifinal da Copa do Brasil","link":"https:\/\/www.futebolinterior.com.br\/dorival-jr-corinthians-copa-do-brasil\/","chapeu":"E AGORA?","data":"30\/11\/2025","imagem":"https:\/\/images.futebolinterior.com.br\/2025\/11\/ttUaxlvg-dorival-300x134.webp","resumo":"O t\u00e9cnico do Corinthians, Dorival J\u00fanior, afirmou ap\u00f3s o empate em 2 a 2 com o Botafogo que a equipe vai precisar se dividir entre a reta final do Brasileiro e as semifinais da Copa do Brasil, contra o Cruzeiro."},"2389517":{"titulo":"Davide Ancelotti afirma que erros individuais do Botafogo podem ter custado a vit\u00f3ria: \"Poder\u00edamos ter vencido\"","link":"https:\/\/www.futebolinterior.com.br\/ancelotti-erros-individuais-do-botafogo\/","chapeu":"FRUSTRA\u00c7\u00c3O","data":"30\/11\/2025","imagem":"https:\/\/images.futebolinterior.com.br\/2025\/11\/Ancelotti-Botafogo-2025-1-300x152.webp","resumo":"O Botafogo saiu na frente, virou o placar, mas cedeu o empate por 2 a 2 diante do Corinthians na Neo Qu\u00edmica Arena, neste domingo."}}