{"2392360":{"titulo":"Sport tem pior campanha do Nordeste no Brasileir\u00e3o e meia admite: \"Faltou alma\"","link":"https:\/\/www.futebolinterior.com.br\/sport-pior-nordeste-brasileirao\/","chapeu":"DESABAFO","data":"07\/12\/2025","imagem":"https:\/\/images.futebolinterior.com.br\/2025\/12\/lucas-lima-desabafa-rebaixamento-sport-300x200.webp","resumo":"Sport jogou por empate simples para terminar \u00e0 frente do Am\u00e9rica-RN de 2007, mas foi goleado pelo Gr\u00eamio"},"2392792":{"titulo":"Fluminense com vaga direta na Libertadores, valoriza Ganso","link":"https:\/\/www.futebolinterior.com.br\/fluminense-com-vaga-direta-na-libertadores-valoriza-ganso\/","chapeu":"QUE VOLTA !","data":"07\/12\/2025","imagem":"https:\/\/images.futebolinterior.com.br\/2025\/12\/Ganso-fluminense-FFC-300x193.webp","resumo":"Meia Paulo Henrique Ganso destaca sentimento ap\u00f3s vit\u00f3ria sobre o Bahia. Jogador projeta duelo contra o Vasco na Copa do Brasil."},"2392791":{"titulo":"PLACAR FI: Com final do Brasileir\u00e3o, confira os RESULTADOS deste DOMINGO","link":"https:\/\/www.futebolinterior.com.br\/confira-o-placar-fi-deste-domingo-32\/","chapeu":"COMPLET\u00c3O ","data":"07\/12\/2025","imagem":"https:\/\/images.futebolinterior.com.br\/2025\/12\/x3oYqvjq-image-300x149.webp","resumo":"Claro, o Placar ao Vivo do\u00a0Portal Futebol Interior\u00a0acompanhou todos os jogos e traz para voc\u00ea a lista com todos os resultados. Confira!"},"2392366":{"titulo":"Executivo do Cear\u00e1 lamenta rebaixamento: \"N\u00e3o tem palavra que justifique\"","link":"https:\/\/www.futebolinterior.com.br\/executivo-ceara-lamenta-rebaixamento\/","chapeu":"DEGOLADO","data":"07\/12\/2025","imagem":"https:\/\/images.futebolinterior.com.br\/2025\/12\/executivo-futebol-ceara-lamenta-rebaixamento-300x168.webp","resumo":"Cear\u00e1 teve o apoio de seu torcedor no \u00faltimo jogo da temporada, mas nem assim impediu o descenso \u00e0 S\u00e9rie B"},"2392764":{"titulo":"Sampaoli projeta Atl\u00e9tico-MG em 2026 ap\u00f3s goleada no fim","link":"https:\/\/www.futebolinterior.com.br\/sampaoli-projeta-atletico-mg-em-2026-apos-goleada-no-fim\/","chapeu":"S\u00d3 2026 ?","data":"07\/12\/2025","imagem":"https:\/\/images.futebolinterior.com.br\/2025\/11\/sampaoli_atletico_mg-300x169.webp","resumo":"Treinador analisa o 5 a 0 sobre o Vasco e comenta a campanha irregular. T\u00e9cnico projeta tr\u00eas equipes para 2026 e pede refor\u00e7os de maior impacto."},"2392763":{"titulo":"Jardim escala reservas do Cruzeiro e promete entrega na Copa do Brasil: \"Nossa melhor vers\u00e3o\"","link":"https:\/\/www.futebolinterior.com.br\/jardim-escala-reservas-do-cruzeiro-e-promete-entrega-na-copa-do-brasil-nossa-melhor-versao\/","chapeu":"ESTRAT\u00c9GIA","data":"07\/12\/2025","imagem":"https:\/\/images.futebolinterior.com.br\/2025\/12\/54970127619_9de03bc9e6_o-300x200.webp","resumo":"\"Tivemos que fazer uma gest\u00e3o de 11 ou 12 jogadores, para que na quarta-feira a gente consiga se apresentar na nossa melhor vers\u00e3o\""},"2392760":{"titulo":"Zubeld\u00eda avalia a temporada do Fluminense e projeta a semifinal da Copa do Brasil","link":"https:\/\/www.futebolinterior.com.br\/tecnico-fluminense-fala-brasileirao-2\/","chapeu":"BOM MOMENTO","data":"07\/12\/2025","imagem":"https:\/\/images.futebolinterior.com.br\/2025\/12\/GcAawDu1-image-300x204.webp","resumo":"Com o resultado, o Flu encerrou a competi\u00e7\u00e3o na quinta coloca\u00e7\u00e3o, com 64 pontos, garantindo vaga direta na fase de grupos da Copa Libertadores da pr\u00f3xima temporada"},"2392753":{"titulo":"Diniz revela decep\u00e7\u00e3o ap\u00f3s vexame do Vasco na despedida do Brasileiro: \"N\u00e3o pode acontecer\"","link":"https:\/\/www.futebolinterior.com.br\/diniz-revela-decepcao-apos-vexame-do-vasco-na-despedida-do-brasileiro-nao-pode-acontecer\/","chapeu":"VEXAME","data":"07\/12\/2025","imagem":"https:\/\/images.futebolinterior.com.br\/2025\/12\/54961799443_c477f66f25_o-300x200.webp","resumo":"\"\u00c9 uma derrota que n\u00e3o pode acontecer, isso fica para a hist\u00f3ria.\""},"2392368":{"titulo":"CEO do Fortaleza assume culpa por queda e garante: \"Por mim, Palermo fica\"","link":"https:\/\/www.futebolinterior.com.br\/ceo-fortaleza-assume-culpa-queda\/","chapeu":"ADMITIU","data":"07\/12\/2025","imagem":"https:\/\/images.futebolinterior.com.br\/2025\/12\/ceo-fortaleza-assume-culpa-rebaixamento-300x221.webp","resumo":"Fortaleza n\u00e3o consegue pontuar diante do Botafogo e, mesmo dependendo de si, teve descenso decretado \u00e0 S\u00e9rie B de 2026"},"2392744":{"titulo":"Thiago Silva destaca a evolu\u00e7\u00e3o do Fluminense na reta final \"Excelente trabalho\"","link":"https:\/\/www.futebolinterior.com.br\/thiago-silva-fala-vitoria-fluminense\/","chapeu":"\u00cdDOLO","data":"07\/12\/2025","imagem":"https:\/\/images.futebolinterior.com.br\/2025\/12\/jmSBfAId-image-300x173.webp","resumo":"Com o resultado, o Tricolor das Laranjeiras encerrou a competi\u00e7\u00e3o na quinta coloca\u00e7\u00e3o, com 64 pontos, somando 18 vit\u00f3rias, 56% de aproveitamento, 63 gols marcados e 39 sofridos"}}