{"2393080":{"titulo":"Lateral do Internacional intimida rep\u00f3rter ap\u00f3s perman\u00eancia na S\u00e9rie A","link":"https:\/\/www.futebolinterior.com.br\/lateral-internacional-intimida-reporter\/","chapeu":"POL\u00caMICA","data":"08\/12\/2025","imagem":"https:\/\/images.futebolinterior.com.br\/2025\/12\/54970299255-ad95c6bcdd-k-300x200.avif","resumo":"A comemora\u00e7\u00e3o do Internacional pela vit\u00f3ria sobre o Bragantino e a perman\u00eancia na S\u00e9rie A do Brasileir\u00e3o foi marcada por uma situa\u00e7\u00e3o inusitada."},"2393066":{"titulo":"Fortaleza prev\u00ea alta de Br\u00edtez ap\u00f3s procedimento no pulm\u00e3o","link":"https:\/\/www.futebolinterior.com.br\/fortaleza-preve-alta\/","chapeu":"RECUPERA\u00c7\u00c3O","data":"08\/12\/2025","imagem":"https:\/\/images.futebolinterior.com.br\/2025\/12\/Britez-Fortaleza-300x200.webp","resumo":"A interven\u00e7\u00e3o foi necess\u00e1ria ap\u00f3s uma nova manifesta\u00e7\u00e3o de pneumonia"},"2392985":{"titulo":"Bola de Prata 2025 tem dom\u00ednio de Flamengo e Cruzeiro; veja a sele\u00e7\u00e3o","link":"https:\/\/www.futebolinterior.com.br\/bola-de-prata-2025-tem-dominio-de-flamengo-e-cruzeiro-veja-a-selecao\/","chapeu":"CONFIRA","data":"08\/12\/2025","imagem":"https:\/\/images.futebolinterior.com.br\/2025\/11\/Screenshot_4-300x220.webp","resumo":"Veja a sele\u00e7\u00e3o masculina e feminina do Campeonato Brasileiro na 56\u00aa edi\u00e7\u00e3o do tradicional pr\u00eamio Bola de Prata da ESPN"},"2392902":{"titulo":"Vitor Roque cita peso dos vices no Palmeiras e mira Copa do Mundo","link":"https:\/\/www.futebolinterior.com.br\/vitor-roque-vices-palmeiras-mira-copa\/","chapeu":"AVALIA\u00c7\u00c3O DE 2025","data":"08\/12\/2025","imagem":"https:\/\/images.futebolinterior.com.br\/2025\/12\/Y80u5jiI-Vitor-Roque-300x143.webp","resumo":"Vitor Roque transformou a temporada em combust\u00edvel para crescer. Durante a cerim\u00f4nia do Bola de Prata, o atacante do Palmeiras refletiu sobre um ano que terminou com tr\u00eas vice-campeonatos."},"2392871":{"titulo":"Alef Manga \u00e9 confirmado como primeiro refor\u00e7o do Remo para 2026","link":"https:\/\/www.futebolinterior.com.br\/alef-manga-reforco-remo-2026\/","chapeu":"OFICIAL","data":"08\/12\/2025","imagem":"https:\/\/images.futebolinterior.com.br\/2025\/12\/Remo-confirma-Alef-Manga-como-reforco-300x179.webp","resumo":"Alef Manga era alvo antigo do Remo, que inclusive tentou contrat\u00e1-lo no fim de 2024"},"2392833":{"titulo":"Torcida do Santos faz apelo por perman\u00eancia de Neymar para 2026","link":"https:\/\/www.futebolinterior.com.br\/torcida-santos-pede-permanencia-neymar\/","chapeu":"APOIO","data":"08\/12\/2025","imagem":"https:\/\/images.futebolinterior.com.br\/2025\/12\/Torcida-do-Santos-pede-permanencia-de-Neymar-300x191.webp","resumo":"Neymar encerra a temporada como pe\u00e7a decisiva na arrancada que manteve o Santos na S\u00e9rie A, atuando at\u00e9 mesmo no \u201csacrif\u00edcio\u201d"},"2392824":{"titulo":"S\u00e3o Paulo n\u00e3o cumpre metas e prepara mudan\u00e7as para 2026","link":"https:\/\/www.futebolinterior.com.br\/sao-paulo-prepara-mudancas-2026\/","chapeu":"ANO RUIM","data":"08\/12\/2025","imagem":"https:\/\/images.futebolinterior.com.br\/2025\/12\/Sao-Paulo-nao-cumpre-metas-e-prepara-mudancas-para-2026-300x161.webp","resumo":"Das metas estabelecidas pelo S\u00e3o Paulo no in\u00edcio de 2025, somente a chegada \u00e0s quartas de final da Libertadores foi alcan\u00e7ada"},"2392820":{"titulo":"Ex-zagueiro do Santos \u00e9 preso por abuso sexual em Salvador","link":"https:\/\/www.futebolinterior.com.br\/zagueiro-ex-santos-preso-abuso-sexual\/","chapeu":"EITA!","data":"08\/12\/2025","imagem":"https:\/\/images.futebolinterior.com.br\/2025\/12\/Ex-zagueiro-do-Santos-e-preso-por-abuso-sexual-300x200.webp","resumo":"Cubas teve uma passagem sem brilho pelo Santos em 2021 e acumula passagens por times como Rio Branco e Monte Azul"},"2392816":{"titulo":"Abel vive primeiro ano sem ta\u00e7as e mira novo ciclo no Palmeiras","link":"https:\/\/www.futebolinterior.com.br\/abel-vive-primeiro-ano-sem-tacas-palmeiras\/","chapeu":"ANO FRUSTRADO","data":"08\/12\/2025","imagem":"https:\/\/images.futebolinterior.com.br\/2025\/12\/Abel-Ferreira-vive-primeiro-ano-sem-tacas-no-Palmeiras-300x167.webp","resumo":"Apesar do resultado frustrante em 2025, Abel afastou a possibilidade de fim de ciclo"},"2392813":{"titulo":"Coritiba acerta contrata\u00e7\u00e3o de Fernando Seabra","link":"https:\/\/www.futebolinterior.com.br\/coritiba-contrata-fernando-seabra\/","chapeu":"DEFINIDO!","data":"08\/12\/2025","imagem":"https:\/\/images.futebolinterior.com.br\/2025\/12\/Coritiba-contrata-Fernando-Seabra-300x169.webp","resumo":"Sem acordo tamb\u00e9m com Mozart, o Coritiba optou pelo treinador que mais agradou ao departamento de futebol e \u00e0 SAF"}}